{"id":7076,"date":"2025-01-07T09:44:10","date_gmt":"2025-01-07T13:44:10","guid":{"rendered":"https:\/\/nazarenonews.com.br\/?p=7076"},"modified":"2025-01-07T10:31:37","modified_gmt":"2025-01-07T14:31:37","slug":"livros-didaticos-sao-encontrados-ainda-embalados-em-aterro-sanitario-de-mt","status":"publish","type":"post","link":"https:\/\/nazarenonews.com.br\/index.php\/2025\/01\/07\/livros-didaticos-sao-encontrados-ainda-embalados-em-aterro-sanitario-de-mt\/","title":{"rendered":"Livros did\u00e1ticos s\u00e3o encontrados ainda embalados em aterro sanit\u00e1rio de MT"},"content":{"rendered":"\n<p>Livros did\u00e1ticos da rede estadual de ensino de Mato Grosso foram encontrados no centro de triagem do aterro sanit\u00e1rio de&nbsp;<a class=\"\" href=\"https:\/\/g1.globo.com\/mt\/mato-grosso\/cidade\/agua-boa-mt\/\">\u00c1gua Boa<\/a>, a 736 km de Cuiab\u00e1, nessa segunda-feira (6). V\u00eddeos registrados pela vereadora do munic\u00edpio, Josi Koch, mostram os materiais escolares dentro de caixas<strong><em>.<\/em><\/strong><\/p>\n\n\n\n<p><strong>\u201cEsse material apostilado n\u00e3o pode ser utilizado mais? Porque que esse material n\u00e3o foi utilizado? porque foi solicitado essa quantidade de material e n\u00e3o foi utilizado? Agora vai para o reciclado, dinheiro p\u00fablico indo para o lixo, dinheiro da educa\u00e7\u00e3o\u201d, diz a vereadora no v\u00eddeo.<\/strong><\/p>\n\n\n\n<p>Os materiais s\u00e3o da Escola Estadual 9 de Julho. A Secretaria de Estado de Educa\u00e7\u00e3o (Seduc) informou que vai investigar o caso.<\/p>\n\n\n\n<p>Nas redes sociais, o caso gerou revolta e coment\u00e1rios como \u201cNosso dinheiro p\u00fablico indo para o lixo\u201d e \u201cEsses materiais poderiam ser facilmente reutilizados para o pr\u00f3ximo ano, mas como 9 de julho tem uma p\u00e9ssima administra\u00e7\u00e3o eles acharam mais f\u00e1cil jogar fora\u201d.<\/p>\n\n\n\n<p>g1-MT<\/p>\n","protected":false},"excerpt":{"rendered":"<p>Livros did\u00e1ticos da rede estadual de ensino de Mato Grosso foram encontrados no centro de triagem do aterro sanit\u00e1rio de&nbsp;\u00c1gua Boa, a 736 km de Cuiab\u00e1, nessa segunda-feira (6). V\u00eddeos registrados pela vereadora do munic\u00edpio, Josi Koch, mostram os materiais escolares dentro de caixas. \u201cEsse material apostilado n\u00e3o pode ser utilizado mais? Porque que esse [&hellip;]<\/p>\n","protected":false},"author":2,"featured_media":7083,"comment_status":"closed","ping_status":"closed","sticky":false,"template":"","format":"standard","meta":{"_monsterinsights_skip_tracking":false,"_monsterinsights_sitenote_active":false,"_monsterinsights_sitenote_note":"","_monsterinsights_sitenote_category":0,"footnotes":""},"categories":[1],"tags":[],"_links":{"self":[{"href":"https:\/\/nazarenonews.com.br\/index.php\/wp-json\/wp\/v2\/posts\/7076"}],"collection":[{"href":"https:\/\/nazarenonews.com.br\/index.php\/wp-json\/wp\/v2\/posts"}],"about":[{"href":"https:\/\/nazarenonews.com.br\/index.php\/wp-json\/wp\/v2\/types\/post"}],"author":[{"embeddable":true,"href":"https:\/\/nazarenonews.com.br\/index.php\/wp-json\/wp\/v2\/users\/2"}],"replies":[{"embeddable":true,"href":"https:\/\/nazarenonews.com.br\/index.php\/wp-json\/wp\/v2\/comments?post=7076"}],"version-history":[{"count":3,"href":"https:\/\/nazarenonews.com.br\/index.php\/wp-json\/wp\/v2\/posts\/7076\/revisions"}],"predecessor-version":[{"id":7082,"href":"https:\/\/nazarenonews.com.br\/index.php\/wp-json\/wp\/v2\/posts\/7076\/revisions\/7082"}],"wp:featuredmedia":[{"embeddable":true,"href":"https:\/\/nazarenonews.com.br\/index.php\/wp-json\/wp\/v2\/media\/7083"}],"wp:attachment":[{"href":"https:\/\/nazarenonews.com.br\/index.php\/wp-json\/wp\/v2\/media?parent=7076"}],"wp:term":[{"taxonomy":"category","embeddable":true,"href":"https:\/\/nazarenonews.com.br\/index.php\/wp-json\/wp\/v2\/categories?post=7076"},{"taxonomy":"post_tag","embeddable":true,"href":"https:\/\/nazarenonews.com.br\/index.php\/wp-json\/wp\/v2\/tags?post=7076"}],"curies":[{"name":"wp","href":"https:\/\/api.w.org\/{rel}","templated":true}]}}