{"id":6982,"date":"2025-01-06T07:11:20","date_gmt":"2025-01-06T11:11:20","guid":{"rendered":"https:\/\/nazarenonews.com.br\/?p=6982"},"modified":"2025-01-06T08:57:56","modified_gmt":"2025-01-06T12:57:56","slug":"bukele-faz-forte-discurso-sobre-combate-a-criminalidade-e-viraliza","status":"publish","type":"post","link":"https:\/\/nazarenonews.com.br\/index.php\/2025\/01\/06\/bukele-faz-forte-discurso-sobre-combate-a-criminalidade-e-viraliza\/","title":{"rendered":"Bukele faz forte discurso sobre combate \u00e0 criminalidade e viraliza"},"content":{"rendered":"\n<p>Nayib Bukele Ortez, presidente de El Salvador, ganhou destaque mundial ap\u00f3s um v\u00eddeo de um discurso seu viralizar nas redes sociais. No Brasil, a grava\u00e7\u00e3o foi amplamente compartilhada por pol\u00edticos de direita, repercutindo de forma global. No discurso, Bukele defendeu suas a\u00e7\u00f5es no combate \u00e0 criminalidade, destacando as transforma\u00e7\u00f5es profundas que implementou para enfrentar o que ele chamou de uma \u201ccrise sist\u00eamica de viol\u00eancia\u201d.<\/p>\n\n\n\n<p>Bukele criticou a situa\u00e7\u00e3o anterior no pa\u00eds, mencionando que criminosos eram presos e rapidamente libertados, muitas vezes protegidos por brechas legais e interpreta\u00e7\u00f5es de direitos humanos. Ele enfatizou que essas mudan\u00e7as s\u00f3 foram poss\u00edveis devido ao apoio massivo da popula\u00e7\u00e3o, que reconheceu a necessidade de medidas dr\u00e1sticas para superar anos de dom\u00ednio de gangues. Com o respaldo popular e o alinhamento do Congresso, Bukele aprovou reformas legislativas que fortaleceram o sistema de justi\u00e7a e criaram instrumentos eficazes para o enfrentamento da criminalidade.<\/p>\n\n\n\n<p>Durante o discurso, Bukele tamb\u00e9m comentou sobre os direitos humanos, ressaltando que todos os criminosos de El Salvador t\u00eam seus direitos respeitados. No entanto, o presidente destacou que o maior direito humano \u00e9 o direito \u00e0 vida. \u201cSem o direito \u00e0 vida, n\u00e3o h\u00e1 necessidade de qualquer outro direito\u201d, afirmou Bukele. Com essas palavras, ele defendeu sua abordagem como uma forma leg\u00edtima e eficaz de combate \u00e0 criminalidade, enfatizando que sua prioridade \u00e9 proteger os cidad\u00e3os e devolver a seguran\u00e7a \u00e0 popula\u00e7\u00e3o.<\/p>\n\n\n\n<p><strong>Resultados positivos do combate \u00e0 criminalidade<\/strong><\/p>\n\n\n\n<p>Sob a lideran\u00e7a de Bukele, El Salvador experimentou uma queda dr\u00e1stica nos \u00edndices de viol\u00eancia. Em 2022, o pa\u00eds registrou uma redu\u00e7\u00e3o hist\u00f3rica na taxa de homic\u00eddios, chegando ao menor n\u00famero em d\u00e9cadas. Antes das reformas, El Salvador era conhecido como um dos pa\u00edses mais violentos do mundo, com altas taxas de homic\u00eddios atribu\u00eddas principalmente \u00e0s gangues locais, como MS-13 e Barrio 18. Hoje, os n\u00fameros colocam o pa\u00eds entre os mais seguros da Am\u00e9rica Latina.<\/p>\n\n\n\n<p>As mudan\u00e7as incluem a cria\u00e7\u00e3o de mega-pris\u00f5es, como o Centro de Confinamento do Terrorismo (CECOT), que abriga milhares de membros de gangues em um ambiente de seguran\u00e7a m\u00e1xima. Essa infraestrutura, aliada a opera\u00e7\u00f5es militares e policiais coordenadas, reduziu significativamente o poder das gangues nas ruas e nos bairros.<\/p>\n\n\n\n<p>Al\u00e9m disso, as a\u00e7\u00f5es de Bukele tiveram impacto direto na economia do pa\u00eds. Com a diminui\u00e7\u00e3o da viol\u00eancia, os investimentos estrangeiros aumentaram, especialmente nos setores de turismo e tecnologia. Praias e regi\u00f5es antes evitadas por turistas agora s\u00e3o destinos procurados, resultando em maior gera\u00e7\u00e3o de empregos e arrecada\u00e7\u00e3o fiscal.<\/p>\n\n\n\n<p>Com o apoio da popula\u00e7\u00e3o e o reconhecimento global, as medidas de Bukele transformaram El Salvador, consolidando o pa\u00eds como um exemplo eficaz de combate \u00e0 viol\u00eancia e \u00e0 criminalidade.<\/p>\n\n\n\n<p>Folha do estado <\/p>\n","protected":false},"excerpt":{"rendered":"<p>Nayib Bukele Ortez, presidente de El Salvador, ganhou destaque mundial ap\u00f3s um v\u00eddeo de um discurso seu viralizar nas redes sociais. No Brasil, a grava\u00e7\u00e3o foi amplamente compartilhada por pol\u00edticos de direita, repercutindo de forma global. No discurso, Bukele defendeu suas a\u00e7\u00f5es no combate \u00e0 criminalidade, destacando as transforma\u00e7\u00f5es profundas que implementou para enfrentar o [&hellip;]<\/p>\n","protected":false},"author":2,"featured_media":7003,"comment_status":"closed","ping_status":"closed","sticky":false,"template":"","format":"standard","meta":{"_monsterinsights_skip_tracking":false,"_monsterinsights_sitenote_active":false,"_monsterinsights_sitenote_note":"","_monsterinsights_sitenote_category":0,"footnotes":""},"categories":[38,49],"tags":[],"_links":{"self":[{"href":"https:\/\/nazarenonews.com.br\/index.php\/wp-json\/wp\/v2\/posts\/6982"}],"collection":[{"href":"https:\/\/nazarenonews.com.br\/index.php\/wp-json\/wp\/v2\/posts"}],"about":[{"href":"https:\/\/nazarenonews.com.br\/index.php\/wp-json\/wp\/v2\/types\/post"}],"author":[{"embeddable":true,"href":"https:\/\/nazarenonews.com.br\/index.php\/wp-json\/wp\/v2\/users\/2"}],"replies":[{"embeddable":true,"href":"https:\/\/nazarenonews.com.br\/index.php\/wp-json\/wp\/v2\/comments?post=6982"}],"version-history":[{"count":1,"href":"https:\/\/nazarenonews.com.br\/index.php\/wp-json\/wp\/v2\/posts\/6982\/revisions"}],"predecessor-version":[{"id":6985,"href":"https:\/\/nazarenonews.com.br\/index.php\/wp-json\/wp\/v2\/posts\/6982\/revisions\/6985"}],"wp:featuredmedia":[{"embeddable":true,"href":"https:\/\/nazarenonews.com.br\/index.php\/wp-json\/wp\/v2\/media\/7003"}],"wp:attachment":[{"href":"https:\/\/nazarenonews.com.br\/index.php\/wp-json\/wp\/v2\/media?parent=6982"}],"wp:term":[{"taxonomy":"category","embeddable":true,"href":"https:\/\/nazarenonews.com.br\/index.php\/wp-json\/wp\/v2\/categories?post=6982"},{"taxonomy":"post_tag","embeddable":true,"href":"https:\/\/nazarenonews.com.br\/index.php\/wp-json\/wp\/v2\/tags?post=6982"}],"curies":[{"name":"wp","href":"https:\/\/api.w.org\/{rel}","templated":true}]}}