{"id":6976,"date":"2025-01-06T07:03:23","date_gmt":"2025-01-06T11:03:23","guid":{"rendered":"https:\/\/nazarenonews.com.br\/?p=6976"},"modified":"2025-01-06T08:22:53","modified_gmt":"2025-01-06T12:22:53","slug":"contas-no-vermelho-mais-de-11-milhao-de-mato-grossenses-estao-inadimplentes-diz-pesquisa","status":"publish","type":"post","link":"https:\/\/nazarenonews.com.br\/index.php\/2025\/01\/06\/contas-no-vermelho-mais-de-11-milhao-de-mato-grossenses-estao-inadimplentes-diz-pesquisa\/","title":{"rendered":"Contas no vermelho? Mais de 1,1 milh\u00e3o de mato-grossenses est\u00e3o inadimplentes, diz pesquisa"},"content":{"rendered":"\n<p>Mato Grosso tem&nbsp;<strong>cerca de metade da popula\u00e7\u00e3o adulta inadimplente<\/strong>, segundo um levantamento feito pela C\u00e2mara de Dirigentes Lojistas de Cuiab\u00e1 (CDL), referente ao final de 2024. Entre os mais de 1,1 milh\u00e3o mato-grossenses com d\u00edvidas em atraso,&nbsp;a maioria (53%) s\u00e3o homens<em>&nbsp;<\/em><strong><em>(veja dicas de como sair do vermelho no final da reportagem).<\/em><\/strong><\/p>\n\n\n\n<p>Segundo a pesquisa, apesar do aumento de 0,98% no n\u00famero de devedores entre outubro e novembro,\u00a0o estado teve redu\u00e7\u00e3o de 3,84% em compara\u00e7\u00e3o com o mesmo per\u00edodo de 2023,\u00a0o que vai na contram\u00e3o do Brasil, que teve alta.<\/p>\n\n\n\n<h2 class=\"wp-block-heading\">Perfil dos inadimplentes<\/h2>\n\n\n\n<ul>\n<li>A maior concentra\u00e7\u00e3o de devedores est\u00e1 na faixa et\u00e1ria de 30 a 49 anos.<\/li>\n\n\n\n<li>O valor m\u00e9dio das d\u00edvidas por pessoa \u00e9 de R$ 5,1 mil, somando um total de R$ 5,9 bilh\u00f5es.<\/li>\n\n\n\n<li>O sistema financeiro \u00e9 o setor com maior n\u00famero de devedores, seguido pelo com\u00e9rcio e pelos servi\u00e7os de \u00e1gua e luz.<\/li>\n<\/ul>\n\n\n\n<h2 class=\"wp-block-heading\">Fiquei endividado, e agora?<\/h2>\n\n\n\n<p><strong>Veja algumas dicas abaixo.<\/strong><\/p>\n\n\n\n<ul>\n<li><strong>Organize o or\u00e7amento.<\/strong>\u00a0Separe um tempo com a fam\u00edlia para entender quanto cada um contribui. Lembre-se sempre de considerar os valores l\u00edquidos, ou seja, o que realmente entra na conta, quais s\u00e3o os gastos fixos e as despesas b\u00e1sicas da fam\u00edlia;<\/li>\n\n\n\n<li>Opte por fazer uma renegocia\u00e7\u00e3o com\u00a0<strong>parcelas menores e que sejam mais f\u00e1ceis de adequar ao or\u00e7amento familiar;<\/strong><\/li>\n\n\n\n<li>Se poss\u00edvel,\u00a0<strong>crie uma nova fonte de renda<\/strong>\u00a0para ajudar a quitar seus compromissos;<\/li>\n\n\n\n<li>Use o<strong>\u00a0menor volume de recursos de cr\u00e9dito poss\u00edvel.\u00a0<\/strong>Se perceber que h\u00e1 uma tend\u00eancia a extrapolar nos gastos com o cart\u00e3o de cr\u00e9dito, por exemplo, evite us\u00e1-lo;<\/li>\n\n\n\n<li><strong>Evite linhas de cr\u00e9dito emergenciais<\/strong>, como o cheque especial e o rotativo do cart\u00e3o, que s\u00e3o as mais caras do mercado;<\/li>\n\n\n\n<li><strong>N\u00e3o comprometa as despesas b\u00e1sicas<\/strong>\u00a0na hora de fazer a renegocia\u00e7\u00e3o das d\u00edvidas. Isso pode evitar a reincid\u00eancia no cadastro de negativa\u00e7\u00e3o;<\/li>\n\n\n\n<li><strong>Fa\u00e7a perguntas ao seu credor quando necess\u00e1rio.\u00a0<\/strong>N\u00e3o tenha vergonha de tirar d\u00favidas com o banco sobre sua d\u00edvida ou sobre quais s\u00e3o suas op\u00e7\u00f5es e alternativas de pagamento.<\/li>\n\n\n\n<li>Fa\u00e7a p<strong>esquisas em \u00f3rg\u00e3os p\u00fablicos e entidades de ajuda ao consumidor<\/strong>, como o pr\u00f3prio Procon, por exemplo. Muitas vezes eles t\u00eam iniciativas que ajudam quem est\u00e1 inadimplente;<\/li>\n\n\n\n<li>Evite contrair novas d\u00edvidas para pagar d\u00e9bitos antigos;<\/li>\n\n\n\n<li><strong>Pense duas vezes antes de vender seus bens.<\/strong>\u00a0\u201cIsso \u00e9 uma armadilha, porque uma hora a pessoa n\u00e3o tem mais o que vender e a d\u00edvida vai voltar\u201d, diz Soaper;<\/li>\n\n\n\n<li>Tenha consci\u00eancia do\u00a0<strong>valor l\u00edquido exato da sua receita mensal.<\/strong>\u00a0Isso pode ajudar a evitar confus\u00f5es sobre quanto voc\u00ea realmente tem para gastar.<\/li>\n<\/ul>\n\n\n\n<p>G1-MT<\/p>\n","protected":false},"excerpt":{"rendered":"<p>Mato Grosso tem&nbsp;cerca de metade da popula\u00e7\u00e3o adulta inadimplente, segundo um levantamento feito pela C\u00e2mara de Dirigentes Lojistas de Cuiab\u00e1 (CDL), referente ao final de 2024. Entre os mais de 1,1 milh\u00e3o mato-grossenses com d\u00edvidas em atraso,&nbsp;a maioria (53%) s\u00e3o homens&nbsp;(veja dicas de como sair do vermelho no final da reportagem). Segundo a pesquisa, apesar [&hellip;]<\/p>\n","protected":false},"author":2,"featured_media":7002,"comment_status":"closed","ping_status":"closed","sticky":false,"template":"","format":"standard","meta":{"_monsterinsights_skip_tracking":false,"_monsterinsights_sitenote_active":false,"_monsterinsights_sitenote_note":"","_monsterinsights_sitenote_category":0,"footnotes":""},"categories":[1],"tags":[],"_links":{"self":[{"href":"https:\/\/nazarenonews.com.br\/index.php\/wp-json\/wp\/v2\/posts\/6976"}],"collection":[{"href":"https:\/\/nazarenonews.com.br\/index.php\/wp-json\/wp\/v2\/posts"}],"about":[{"href":"https:\/\/nazarenonews.com.br\/index.php\/wp-json\/wp\/v2\/types\/post"}],"author":[{"embeddable":true,"href":"https:\/\/nazarenonews.com.br\/index.php\/wp-json\/wp\/v2\/users\/2"}],"replies":[{"embeddable":true,"href":"https:\/\/nazarenonews.com.br\/index.php\/wp-json\/wp\/v2\/comments?post=6976"}],"version-history":[{"count":1,"href":"https:\/\/nazarenonews.com.br\/index.php\/wp-json\/wp\/v2\/posts\/6976\/revisions"}],"predecessor-version":[{"id":6978,"href":"https:\/\/nazarenonews.com.br\/index.php\/wp-json\/wp\/v2\/posts\/6976\/revisions\/6978"}],"wp:featuredmedia":[{"embeddable":true,"href":"https:\/\/nazarenonews.com.br\/index.php\/wp-json\/wp\/v2\/media\/7002"}],"wp:attachment":[{"href":"https:\/\/nazarenonews.com.br\/index.php\/wp-json\/wp\/v2\/media?parent=6976"}],"wp:term":[{"taxonomy":"category","embeddable":true,"href":"https:\/\/nazarenonews.com.br\/index.php\/wp-json\/wp\/v2\/categories?post=6976"},{"taxonomy":"post_tag","embeddable":true,"href":"https:\/\/nazarenonews.com.br\/index.php\/wp-json\/wp\/v2\/tags?post=6976"}],"curies":[{"name":"wp","href":"https:\/\/api.w.org\/{rel}","templated":true}]}}