{"id":6972,"date":"2025-01-06T06:58:03","date_gmt":"2025-01-06T10:58:03","guid":{"rendered":"https:\/\/nazarenonews.com.br\/?p=6972"},"modified":"2025-01-06T08:14:47","modified_gmt":"2025-01-06T12:14:47","slug":"mulher-sofre-queda-nas-pedras-de-morro-durante-trilha-em-mt","status":"publish","type":"post","link":"https:\/\/nazarenonews.com.br\/index.php\/2025\/01\/06\/mulher-sofre-queda-nas-pedras-de-morro-durante-trilha-em-mt\/","title":{"rendered":"Mulher sofre queda nas pedras de morro durante trilha em Santo Ant\u00f4nio do Leverger"},"content":{"rendered":"\n<p>Uma mulher, identificada como&nbsp;<strong>Joelma Pimentel<\/strong>, sofreu uma queda nas pedras do Morro de Santo Ant\u00f4nio, em&nbsp;<a class=\"\" href=\"https:\/\/g1.globo.com\/mt\/mato-grosso\/cidade\/santo-antonio-do-leverger\/\"><strong>Santo Ant\u00f4nio do Leverger<\/strong><\/a>, a 35 km de Cuiab\u00e1, enquanto fazia trilha, neste domingo (5).<\/p>\n\n\n\n<p>De acordo com o Corpo de Bombeiros, a equipe foi acionada via Centro Integrado de Opera\u00e7\u00f5es de Seguran\u00e7a P\u00fablica (Ciosp), para atender uma ocorr\u00eancia de resgate.<\/p>\n\n\n\n<p>Ao chegar no local, a v\u00edtima apresentava&nbsp;escoria\u00e7\u00f5es nos membros superiores, dor no bra\u00e7o direito e poss\u00edvel fratura no nariz.<\/p>\n\n\n\n<p>Ap\u00f3s avalia\u00e7\u00e3o, foram realizados curativos, imobiliza\u00e7\u00e3o do bra\u00e7o direito e estabiliza\u00e7\u00e3o na prancha r\u00edgida. A v\u00edtima foi transportada pelo morro at\u00e9 a ambul\u00e2ncia, com apoio das testemunhas, para os devidos atendimentos m\u00e9dicos.<\/p>\n\n\n\n<p>At\u00e9 a \u00faltima atualiza\u00e7\u00e3o desta reportagem, n\u00e3o se sabe sobre o quadro de sa\u00fade da v\u00edtima.<\/p>\n\n\n\n<p>G1-MT<\/p>\n","protected":false},"excerpt":{"rendered":"<p>Uma mulher, identificada como&nbsp;Joelma Pimentel, sofreu uma queda nas pedras do Morro de Santo Ant\u00f4nio, em&nbsp;Santo Ant\u00f4nio do Leverger, a 35 km de Cuiab\u00e1, enquanto fazia trilha, neste domingo (5). De acordo com o Corpo de Bombeiros, a equipe foi acionada via Centro Integrado de Opera\u00e7\u00f5es de Seguran\u00e7a P\u00fablica (Ciosp), para atender uma ocorr\u00eancia de [&hellip;]<\/p>\n","protected":false},"author":2,"featured_media":7001,"comment_status":"closed","ping_status":"closed","sticky":false,"template":"","format":"standard","meta":{"_monsterinsights_skip_tracking":false,"_monsterinsights_sitenote_active":false,"_monsterinsights_sitenote_note":"","_monsterinsights_sitenote_category":0,"footnotes":""},"categories":[1],"tags":[],"_links":{"self":[{"href":"https:\/\/nazarenonews.com.br\/index.php\/wp-json\/wp\/v2\/posts\/6972"}],"collection":[{"href":"https:\/\/nazarenonews.com.br\/index.php\/wp-json\/wp\/v2\/posts"}],"about":[{"href":"https:\/\/nazarenonews.com.br\/index.php\/wp-json\/wp\/v2\/types\/post"}],"author":[{"embeddable":true,"href":"https:\/\/nazarenonews.com.br\/index.php\/wp-json\/wp\/v2\/users\/2"}],"replies":[{"embeddable":true,"href":"https:\/\/nazarenonews.com.br\/index.php\/wp-json\/wp\/v2\/comments?post=6972"}],"version-history":[{"count":2,"href":"https:\/\/nazarenonews.com.br\/index.php\/wp-json\/wp\/v2\/posts\/6972\/revisions"}],"predecessor-version":[{"id":7000,"href":"https:\/\/nazarenonews.com.br\/index.php\/wp-json\/wp\/v2\/posts\/6972\/revisions\/7000"}],"wp:featuredmedia":[{"embeddable":true,"href":"https:\/\/nazarenonews.com.br\/index.php\/wp-json\/wp\/v2\/media\/7001"}],"wp:attachment":[{"href":"https:\/\/nazarenonews.com.br\/index.php\/wp-json\/wp\/v2\/media?parent=6972"}],"wp:term":[{"taxonomy":"category","embeddable":true,"href":"https:\/\/nazarenonews.com.br\/index.php\/wp-json\/wp\/v2\/categories?post=6972"},{"taxonomy":"post_tag","embeddable":true,"href":"https:\/\/nazarenonews.com.br\/index.php\/wp-json\/wp\/v2\/tags?post=6972"}],"curies":[{"name":"wp","href":"https:\/\/api.w.org\/{rel}","templated":true}]}}