{"id":6969,"date":"2025-01-06T06:56:18","date_gmt":"2025-01-06T10:56:18","guid":{"rendered":"https:\/\/nazarenonews.com.br\/?p=6969"},"modified":"2025-01-06T08:05:27","modified_gmt":"2025-01-06T12:05:27","slug":"piloto-de-sp-esta-desaparecido-ha-duas-semanas-apos-viajar-a-trabalho-para-mt","status":"publish","type":"post","link":"https:\/\/nazarenonews.com.br\/index.php\/2025\/01\/06\/piloto-de-sp-esta-desaparecido-ha-duas-semanas-apos-viajar-a-trabalho-para-mt\/","title":{"rendered":"Piloto de SP est\u00e1 desaparecido h\u00e1 duas semanas ap\u00f3s viajar a trabalho para MT"},"content":{"rendered":"\n<p>O piloto&nbsp;<strong>Raphael Alvarez Fonseca<\/strong>, de 38 anos, est\u00e1 desaparecido desde o dia 18 de dezembro de 2024, ap\u00f3s viajar a trabalho para&nbsp;<a class=\"\" href=\"https:\/\/g1.globo.com\/mt\/mato-grosso\/cidade\/barra-do-garcas\/\">Barra do Gar\u00e7as<\/a>, a 516 km de Cuiab\u00e1. De acordo com informa\u00e7\u00f5es do pai de Raphael, Genildo Fonseca, ele teria sido contratado para pilotar um helic\u00f3ptero na cidade.<\/p>\n\n\n\n<p>A fam\u00edlia mora em Caucaia do Alto, distrito de Cotia (SP), de onde o piloto saiu no in\u00edcio de dezembro para realizar um trabalho de avia\u00e7\u00e3o executiva em Manaus (AM). A previs\u00e3o \u00e9 que ele retornasse para S\u00e3o Paulo no dia 9 de dezembro, mas entrou em contato com a fam\u00edlia,\u00a0dizendo que recebeu uma proposta de trabalho em Mato Grosso.<\/p>\n\n\n\n<p>Segundo Genildo, o filho disse que iria para Barra do Gar\u00e7as e pilotaria um helic\u00f3ptero Agusta. Depois, a fam\u00edlia n\u00e3o teve not\u00edcias de Raphael durante alguns dias. No dia 12 de dezembro, Genildo entrou em contato com a empresa que vendeu a passagem de Manaus para Goi\u00e2nia (GO), cidade pr\u00f3xima \u00e0 Barra do Gar\u00e7as, em Mato Grosso.<\/p>\n\n\n\n<p>Tiago Gomes, a pessoa que teria vendido a passagem para Raphael, disse a Genildo que o piloto estava bem, que entraria em contato em breve e informou o hotel em que Raphael estava hospedado.<\/p>\n\n\n\n<p>Ao ligar para o hotel, Genildo soube que o filho j\u00e1 havia feito o checkout. Depois de alguns dias de ang\u00fastia,\u00a0Raphael fez uma chamada de v\u00eddeo para o pai no dia 16 de dezembro, dizendo que estava em Barra do Gar\u00e7as e que voltaria em tempo de passar o Natal em casa.<\/p>\n\n\n\n<p><strong>&#8220;Pai est\u00e1 tudo bem por aqui. Depois conto detalhes&#8221;, disse Raphael durante a liga\u00e7\u00e3o&#8221;.<\/strong><\/p>\n\n\n\n<p>No dia seguinte, Raphael enviou uma mensagem para a esposa dizendo\u00a0<em>&#8216;n\u00e3o fala muito, t\u00f4 voando&#8217;<\/em>. Depois, todas as tentativas de contato da esposa n\u00e3o tiveram resposta.<\/p>\n\n\n\n<p>Desde ent\u00e3o, a fam\u00edlia tenta descobrir o que aconteceu com Raphael. Genildo registrou um boletim de ocorr\u00eancia na Pol\u00edcia Civil e foi orientado a procurar a Pol\u00edcia Federal.<\/p>\n\n\n\n<p>O pai de Raphael tamb\u00e9m percebeu que&nbsp;<em>o&nbsp;<\/em>n\u00famero usado durante a chamada de v\u00eddeo era diferente do n\u00famero usado nas liga\u00e7\u00f5es anteriores. Segundo ele, o prefixo era da Bol\u00edvia (591).<\/p>\n\n\n\n<p>Genildo entrou em contato com a Embaixada Brasileira, aeroportos, hangares e algumas fazendas do munic\u00edpio mato-grossense, mas n\u00e3o obteve nenhuma resposta.<\/p>\n\n\n\n<p>At\u00e9 a \u00faltima atualiza\u00e7\u00e3o desta reportagem, o caso segue em investiga\u00e7\u00e3o. Qualquer informa\u00e7\u00e3o sobre Raphael pode ser repassada pelo telefone da Pol\u00edcia Militar, 190, ou da Pol\u00edcia Civil, 197.<\/p>\n\n\n\n<p>G1-MT<\/p>\n","protected":false},"excerpt":{"rendered":"<p>O piloto&nbsp;Raphael Alvarez Fonseca, de 38 anos, est\u00e1 desaparecido desde o dia 18 de dezembro de 2024, ap\u00f3s viajar a trabalho para&nbsp;Barra do Gar\u00e7as, a 516 km de Cuiab\u00e1. De acordo com informa\u00e7\u00f5es do pai de Raphael, Genildo Fonseca, ele teria sido contratado para pilotar um helic\u00f3ptero na cidade. A fam\u00edlia mora em Caucaia do [&hellip;]<\/p>\n","protected":false},"author":2,"featured_media":6999,"comment_status":"closed","ping_status":"closed","sticky":false,"template":"","format":"standard","meta":{"_monsterinsights_skip_tracking":false,"_monsterinsights_sitenote_active":false,"_monsterinsights_sitenote_note":"","_monsterinsights_sitenote_category":0,"footnotes":""},"categories":[1],"tags":[],"_links":{"self":[{"href":"https:\/\/nazarenonews.com.br\/index.php\/wp-json\/wp\/v2\/posts\/6969"}],"collection":[{"href":"https:\/\/nazarenonews.com.br\/index.php\/wp-json\/wp\/v2\/posts"}],"about":[{"href":"https:\/\/nazarenonews.com.br\/index.php\/wp-json\/wp\/v2\/types\/post"}],"author":[{"embeddable":true,"href":"https:\/\/nazarenonews.com.br\/index.php\/wp-json\/wp\/v2\/users\/2"}],"replies":[{"embeddable":true,"href":"https:\/\/nazarenonews.com.br\/index.php\/wp-json\/wp\/v2\/comments?post=6969"}],"version-history":[{"count":1,"href":"https:\/\/nazarenonews.com.br\/index.php\/wp-json\/wp\/v2\/posts\/6969\/revisions"}],"predecessor-version":[{"id":6971,"href":"https:\/\/nazarenonews.com.br\/index.php\/wp-json\/wp\/v2\/posts\/6969\/revisions\/6971"}],"wp:featuredmedia":[{"embeddable":true,"href":"https:\/\/nazarenonews.com.br\/index.php\/wp-json\/wp\/v2\/media\/6999"}],"wp:attachment":[{"href":"https:\/\/nazarenonews.com.br\/index.php\/wp-json\/wp\/v2\/media?parent=6969"}],"wp:term":[{"taxonomy":"category","embeddable":true,"href":"https:\/\/nazarenonews.com.br\/index.php\/wp-json\/wp\/v2\/categories?post=6969"},{"taxonomy":"post_tag","embeddable":true,"href":"https:\/\/nazarenonews.com.br\/index.php\/wp-json\/wp\/v2\/tags?post=6969"}],"curies":[{"name":"wp","href":"https:\/\/api.w.org\/{rel}","templated":true}]}}