{"id":6945,"date":"2025-01-05T12:33:02","date_gmt":"2025-01-05T16:33:02","guid":{"rendered":"https:\/\/nazarenonews.com.br\/?p=6945"},"modified":"2025-01-05T15:20:26","modified_gmt":"2025-01-05T19:20:26","slug":"prefeito-determina-destituicao-da-associacao-de-feirantes-do-mercado-do-porto","status":"publish","type":"post","link":"https:\/\/nazarenonews.com.br\/index.php\/2025\/01\/05\/prefeito-determina-destituicao-da-associacao-de-feirantes-do-mercado-do-porto\/","title":{"rendered":"Prefeito determina destitui\u00e7\u00e3o da Associa\u00e7\u00e3o de Feirantes do Mercado do Porto"},"content":{"rendered":"\n<p>Em visita t\u00e9cnica realizada na manh\u00e3 deste s\u00e1bado (4), o prefeito de Cuiab\u00e1, Abilio Brunini, determinou a destitui\u00e7\u00e3o da Associa\u00e7\u00e3o de Feirantes do Mercado do Porto (Mercado Ant\u00f4nio Mois\u00e9s Nadaf) e refor\u00e7ou a necessidade de transpar\u00eancia na gest\u00e3o do espa\u00e7o p\u00fablico.<\/p>\n\n\n\n<p>Brunini destacou que a medida tem como objetivo restabelecer a ordem no local. \u201cRecebemos at\u00e9 reclama\u00e7\u00f5es de que estavam pagando valores com permutas, com peixes, por exemplo. Isso me lembrou o caderninho do antigo Aqu\u00e1rio Municipal. Esses m\u00e9todos de gest\u00e3o n\u00e3o podem continuar. Vamos exigir transpar\u00eancia no uso do recurso p\u00fablico e, principalmente, na administra\u00e7\u00e3o do espa\u00e7o\u201d, frisou o prefeito.<\/p>\n\n\n\n<p>Abilio pontuou que a Associa\u00e7\u00e3o dos Feirantes exercia um poder paralelo \u00e0 administra\u00e7\u00e3o municipal, impondo regras dentro do mercado.<\/p>\n\n\n\n<p>\u201cN\u00e3o identificamos transpar\u00eancia nos gastos da Associa\u00e7\u00e3o. N\u00e3o houve presta\u00e7\u00e3o de contas e tampouco clareza sobre os recursos arrecadados. Al\u00e9m disso, a Associa\u00e7\u00e3o definia valores sem qualquer alinhamento com a Prefeitura e pressionava os permission\u00e1rios, amea\u00e7ando retirar seus \u2018pontos\u2019 em caso de inadimpl\u00eancia, o que est\u00e1 completamente fora das suas atribui\u00e7\u00f5es\u201d, explicou Brunini.<\/p>\n\n\n\n<p>Na ocasi\u00e3o, o prefeito determinou que servi\u00e7os coletivos, como a limpeza da \u00e1rea interna e externa do mercado, passem a ser realizados diretamente pela Prefeitura de Cuiab\u00e1. Ele tamb\u00e9m anunciou a instala\u00e7\u00e3o de c\u00e2meras de seguran\u00e7a no local.<\/p>\n\n\n\n<p>Brunini informou que ser\u00e1 feita uma auditoria nas taxas pagas pelos permission\u00e1rios, com o objetivo de padronizar a administra\u00e7\u00e3o do ponto tur\u00edstico. \u201cOs feirantes pagam uma taxa com base no metro quadrado utilizado. A partir do hist\u00f3rico dessas taxas, vamos identificar quem utiliza mais ou menos espa\u00e7o\u201d, afirmou.<\/p>\n\n\n\n<p>Para assegurar a sustentabilidade ambiental do mercado, o prefeito garantiu a retomada do servi\u00e7o de coleta seletiva e o descarte correto dos res\u00edduos provenientes de obras realizadas no espa\u00e7o.<\/p>\n\n\n\n<p>Hipernot\u00edcias<\/p>\n","protected":false},"excerpt":{"rendered":"<p>Em visita t\u00e9cnica realizada na manh\u00e3 deste s\u00e1bado (4), o prefeito de Cuiab\u00e1, Abilio Brunini, determinou a destitui\u00e7\u00e3o da Associa\u00e7\u00e3o de Feirantes do Mercado do Porto (Mercado Ant\u00f4nio Mois\u00e9s Nadaf) e refor\u00e7ou a necessidade de transpar\u00eancia na gest\u00e3o do espa\u00e7o p\u00fablico. Brunini destacou que a medida tem como objetivo restabelecer a ordem no local. \u201cRecebemos [&hellip;]<\/p>\n","protected":false},"author":2,"featured_media":6959,"comment_status":"closed","ping_status":"closed","sticky":false,"template":"","format":"standard","meta":{"_monsterinsights_skip_tracking":false,"_monsterinsights_sitenote_active":false,"_monsterinsights_sitenote_note":"","_monsterinsights_sitenote_category":0,"footnotes":""},"categories":[36,1],"tags":[],"_links":{"self":[{"href":"https:\/\/nazarenonews.com.br\/index.php\/wp-json\/wp\/v2\/posts\/6945"}],"collection":[{"href":"https:\/\/nazarenonews.com.br\/index.php\/wp-json\/wp\/v2\/posts"}],"about":[{"href":"https:\/\/nazarenonews.com.br\/index.php\/wp-json\/wp\/v2\/types\/post"}],"author":[{"embeddable":true,"href":"https:\/\/nazarenonews.com.br\/index.php\/wp-json\/wp\/v2\/users\/2"}],"replies":[{"embeddable":true,"href":"https:\/\/nazarenonews.com.br\/index.php\/wp-json\/wp\/v2\/comments?post=6945"}],"version-history":[{"count":1,"href":"https:\/\/nazarenonews.com.br\/index.php\/wp-json\/wp\/v2\/posts\/6945\/revisions"}],"predecessor-version":[{"id":6947,"href":"https:\/\/nazarenonews.com.br\/index.php\/wp-json\/wp\/v2\/posts\/6945\/revisions\/6947"}],"wp:featuredmedia":[{"embeddable":true,"href":"https:\/\/nazarenonews.com.br\/index.php\/wp-json\/wp\/v2\/media\/6959"}],"wp:attachment":[{"href":"https:\/\/nazarenonews.com.br\/index.php\/wp-json\/wp\/v2\/media?parent=6945"}],"wp:term":[{"taxonomy":"category","embeddable":true,"href":"https:\/\/nazarenonews.com.br\/index.php\/wp-json\/wp\/v2\/categories?post=6945"},{"taxonomy":"post_tag","embeddable":true,"href":"https:\/\/nazarenonews.com.br\/index.php\/wp-json\/wp\/v2\/tags?post=6945"}],"curies":[{"name":"wp","href":"https:\/\/api.w.org\/{rel}","templated":true}]}}