{"id":6939,"date":"2025-01-05T12:22:18","date_gmt":"2025-01-05T16:22:18","guid":{"rendered":"https:\/\/nazarenonews.com.br\/?p=6939"},"modified":"2025-01-05T15:18:05","modified_gmt":"2025-01-05T19:18:05","slug":"servidores-exigem-revisao-e-ameacam-nao-comecar-ano-letivo","status":"publish","type":"post","link":"https:\/\/nazarenonews.com.br\/index.php\/2025\/01\/05\/servidores-exigem-revisao-e-ameacam-nao-comecar-ano-letivo\/","title":{"rendered":"Servidores exigem revis\u00e3o e amea\u00e7am n\u00e3o come\u00e7ar ano letivo"},"content":{"rendered":"\n<p>Profissionais da educa\u00e7\u00e3o amea\u00e7am n\u00e3o retomar as atividades do ano letivo de 2025 nas institui\u00e7\u00f5es de ensino municipais de Rondol\u00e2ndia (1.600 km a noroeste de Cuiab\u00e1) caso&nbsp;o&nbsp;sal\u00e1rio n\u00e3o&nbsp;seja&nbsp;revisto.&nbsp;A&nbsp;categoria pede reajustes de 39,55% para chegar ao piso dos professores proporcionais a 30 horas e a Revis\u00e3o&nbsp;Geral Anual (RGA) de&nbsp;10,41%.<\/p>\n\n\n\n<p>Em\u00a0contato com\u00a0o\u00a0Gazeta digital, o presidente da subsede do Sindicato dos Trabalhadores e Trabalhadoras em Educa\u00e7\u00e3o (Sintep\/MT) no munic\u00edpio, Vanderlino Souza\u00a0Littig,\u00a0disse que\u00a0of\u00edcios foram repassados para a prefeitura com as demandas da classe e, at\u00e9 o momento, n\u00e3o houve resposta. &#8220;Estamos tentando dialogar h\u00e1 2 anos&#8221;, afirma o sindicalista.<\/p>\n\n\n\n<p>Al\u00e9m do reajuste salarial dos professores e aplica\u00e7\u00e3o da RGA, o sindicato reivindica o mesmo percentual para os profissionais de apoio administrativo educacional, cumprimento do plano de carreira, eleva\u00e7\u00f5es de classe, titula\u00e7\u00e3o e n\u00edvel de tempo de servi\u00e7o.&nbsp;<\/p>\n\n\n\n<p>&#8220;Recentemente, entrei em contato com o secret\u00e1rio de administra\u00e7\u00e3o, j\u00e1 vinha conversando com ele h\u00e1 1 m\u00eas para dialogarmos sobre a situa\u00e7\u00e3o e chegarmos a um consenso e at\u00e9 o momento n\u00e3o obtivemos solu\u00e7\u00e3o&#8221;, relatou Vanderlino.<\/p>\n\n\n\n<p>Vanderlino afirma ainda que as demandas tamb\u00e9m s\u00e3o dos profissionais contratados por portarias, que desempenham as mesmas fun\u00e7\u00f5es que os efetivos.<\/p>\n\n\n\n<p><strong>Outro lado<\/strong><\/p>\n\n\n\n<p>O\u00a0Gazeta digital\u00a0entrou em contato com a prefeitura de Rondol\u00e2ndia, que at\u00e9 o momento n\u00e3o manifestou sobre as queixas.\u00a0<\/p>\n","protected":false},"excerpt":{"rendered":"<p>Profissionais da educa\u00e7\u00e3o amea\u00e7am n\u00e3o retomar as atividades do ano letivo de 2025 nas institui\u00e7\u00f5es de ensino municipais de Rondol\u00e2ndia (1.600 km a noroeste de Cuiab\u00e1) caso&nbsp;o&nbsp;sal\u00e1rio n\u00e3o&nbsp;seja&nbsp;revisto.&nbsp;A&nbsp;categoria pede reajustes de 39,55% para chegar ao piso dos professores proporcionais a 30 horas e a Revis\u00e3o&nbsp;Geral Anual (RGA) de&nbsp;10,41%. Em\u00a0contato com\u00a0o\u00a0Gazeta digital, o presidente da subsede [&hellip;]<\/p>\n","protected":false},"author":2,"featured_media":6957,"comment_status":"closed","ping_status":"closed","sticky":false,"template":"","format":"standard","meta":{"_monsterinsights_skip_tracking":false,"_monsterinsights_sitenote_active":false,"_monsterinsights_sitenote_note":"","_monsterinsights_sitenote_category":0,"footnotes":""},"categories":[1],"tags":[],"_links":{"self":[{"href":"https:\/\/nazarenonews.com.br\/index.php\/wp-json\/wp\/v2\/posts\/6939"}],"collection":[{"href":"https:\/\/nazarenonews.com.br\/index.php\/wp-json\/wp\/v2\/posts"}],"about":[{"href":"https:\/\/nazarenonews.com.br\/index.php\/wp-json\/wp\/v2\/types\/post"}],"author":[{"embeddable":true,"href":"https:\/\/nazarenonews.com.br\/index.php\/wp-json\/wp\/v2\/users\/2"}],"replies":[{"embeddable":true,"href":"https:\/\/nazarenonews.com.br\/index.php\/wp-json\/wp\/v2\/comments?post=6939"}],"version-history":[{"count":1,"href":"https:\/\/nazarenonews.com.br\/index.php\/wp-json\/wp\/v2\/posts\/6939\/revisions"}],"predecessor-version":[{"id":6941,"href":"https:\/\/nazarenonews.com.br\/index.php\/wp-json\/wp\/v2\/posts\/6939\/revisions\/6941"}],"wp:featuredmedia":[{"embeddable":true,"href":"https:\/\/nazarenonews.com.br\/index.php\/wp-json\/wp\/v2\/media\/6957"}],"wp:attachment":[{"href":"https:\/\/nazarenonews.com.br\/index.php\/wp-json\/wp\/v2\/media?parent=6939"}],"wp:term":[{"taxonomy":"category","embeddable":true,"href":"https:\/\/nazarenonews.com.br\/index.php\/wp-json\/wp\/v2\/categories?post=6939"},{"taxonomy":"post_tag","embeddable":true,"href":"https:\/\/nazarenonews.com.br\/index.php\/wp-json\/wp\/v2\/tags?post=6939"}],"curies":[{"name":"wp","href":"https:\/\/api.w.org\/{rel}","templated":true}]}}