{"id":6913,"date":"2025-01-04T16:43:56","date_gmt":"2025-01-04T20:43:56","guid":{"rendered":"https:\/\/nazarenonews.com.br\/?p=6913"},"modified":"2025-01-05T14:10:08","modified_gmt":"2025-01-05T18:10:08","slug":"tres-corpos-sao-encontrados-enterrados-em-covas-rasas-em-mt","status":"publish","type":"post","link":"https:\/\/nazarenonews.com.br\/index.php\/2025\/01\/04\/tres-corpos-sao-encontrados-enterrados-em-covas-rasas-em-mt\/","title":{"rendered":"Tr\u00eas corpos s\u00e3o encontrados enterrados em covas rasas em MT"},"content":{"rendered":"\n<p>Tr\u00eas corpos foram encontrados enterrados na regi\u00e3o do Complexo S\u00e3o Mateus, em\u00a0<a class=\"\" href=\"https:\/\/g1.globo.com\/mt\/mato-grosso\/cidade\/varzea-grande-mt\/\">V\u00e1rzea Grande<\/a>, regi\u00e3o metropolitana de Cuiab\u00e1, nessa sexta-feira (3). As v\u00edtimas possu\u00edam passagens criminais e foram identificadas como Fl\u00e1vio Rodrigues Carneiro, de 47 anos, Wellington Suede Jesus Carneiro, de 28 anos, e Jean Suede de Jesus Dias, de 21 anos.<\/p>\n\n\n\n<p>Segundo o delegado respons\u00e1vel pelo caso, Edson Pick, as equipes<strong>\u00a0procuravam por uma crian\u00e7a desaparecida<\/strong>\u00a0quando encontraram os corpos em uma \u00e1rea pr\u00f3xima ao Complexo Predinhos, entre os bairros S\u00e3o Mateus e Residencial S\u00e3o Benedito. Os corpos\u00a0pertenciam a dois irm\u00e3os e um amigo deles.<\/p>\n\n\n\n<p>No local, foram encontrados sinais de escava\u00e7\u00f5es recentes e a pol\u00edcia investiga a possibilidade de oculta\u00e7\u00e3o de cad\u00e1veres. A \u00e1rea foi isolada.<\/p>\n\n\n\n<p>\u00c0 pol\u00edcia, moradores disseram que viram um suspeito conhecido na regi\u00e3o pr\u00f3ximo ao local em que os corpos foram encontrados.<\/p>\n\n\n\n<p>A Pol\u00edcia Civil investiga o caso.<\/p>\n\n\n\n<p>G1-MT<\/p>\n","protected":false},"excerpt":{"rendered":"<p>Tr\u00eas corpos foram encontrados enterrados na regi\u00e3o do Complexo S\u00e3o Mateus, em\u00a0V\u00e1rzea Grande, regi\u00e3o metropolitana de Cuiab\u00e1, nessa sexta-feira (3). As v\u00edtimas possu\u00edam passagens criminais e foram identificadas como Fl\u00e1vio Rodrigues Carneiro, de 47 anos, Wellington Suede Jesus Carneiro, de 28 anos, e Jean Suede de Jesus Dias, de 21 anos. Segundo o delegado respons\u00e1vel [&hellip;]<\/p>\n","protected":false},"author":2,"featured_media":6949,"comment_status":"closed","ping_status":"closed","sticky":false,"template":"","format":"standard","meta":{"_monsterinsights_skip_tracking":false,"_monsterinsights_sitenote_active":false,"_monsterinsights_sitenote_note":"","_monsterinsights_sitenote_category":0,"footnotes":""},"categories":[1],"tags":[],"_links":{"self":[{"href":"https:\/\/nazarenonews.com.br\/index.php\/wp-json\/wp\/v2\/posts\/6913"}],"collection":[{"href":"https:\/\/nazarenonews.com.br\/index.php\/wp-json\/wp\/v2\/posts"}],"about":[{"href":"https:\/\/nazarenonews.com.br\/index.php\/wp-json\/wp\/v2\/types\/post"}],"author":[{"embeddable":true,"href":"https:\/\/nazarenonews.com.br\/index.php\/wp-json\/wp\/v2\/users\/2"}],"replies":[{"embeddable":true,"href":"https:\/\/nazarenonews.com.br\/index.php\/wp-json\/wp\/v2\/comments?post=6913"}],"version-history":[{"count":1,"href":"https:\/\/nazarenonews.com.br\/index.php\/wp-json\/wp\/v2\/posts\/6913\/revisions"}],"predecessor-version":[{"id":6915,"href":"https:\/\/nazarenonews.com.br\/index.php\/wp-json\/wp\/v2\/posts\/6913\/revisions\/6915"}],"wp:featuredmedia":[{"embeddable":true,"href":"https:\/\/nazarenonews.com.br\/index.php\/wp-json\/wp\/v2\/media\/6949"}],"wp:attachment":[{"href":"https:\/\/nazarenonews.com.br\/index.php\/wp-json\/wp\/v2\/media?parent=6913"}],"wp:term":[{"taxonomy":"category","embeddable":true,"href":"https:\/\/nazarenonews.com.br\/index.php\/wp-json\/wp\/v2\/categories?post=6913"},{"taxonomy":"post_tag","embeddable":true,"href":"https:\/\/nazarenonews.com.br\/index.php\/wp-json\/wp\/v2\/tags?post=6913"}],"curies":[{"name":"wp","href":"https:\/\/api.w.org\/{rel}","templated":true}]}}