{"id":6747,"date":"2025-01-01T17:43:19","date_gmt":"2025-01-01T21:43:19","guid":{"rendered":"https:\/\/nazarenonews.com.br\/?p=6747"},"modified":"2025-01-02T08:22:43","modified_gmt":"2025-01-02T12:22:43","slug":"vereadores-eleitos-sao-empossados-na-camara-municipal-de-cuiaba","status":"publish","type":"post","link":"https:\/\/nazarenonews.com.br\/index.php\/2025\/01\/01\/vereadores-eleitos-sao-empossados-na-camara-municipal-de-cuiaba\/","title":{"rendered":"Vereadores eleitos s\u00e3o empossados na C\u00e2mara Municipal de Cuiab\u00e1"},"content":{"rendered":"\n<p>Os vereadores eleitos na elei\u00e7\u00e3o de outubro de 2024 tomaram posse nesta quarta-feira (1\u00ba) para um mandato que segue at\u00e9 2028. A posse marca tamb\u00e9m o aumento no n\u00famero de parlamentares municipais, que agora ser\u00e3o 27. At\u00e9 o ano passado eram 24.<\/p>\n\n\n\n<p>A cerim\u00f4nia foi presidida pela vereadora mais votada na elei\u00e7\u00e3o, Samantha \u00cdris (PL), que tamb\u00e9m \u00e9 a nova primeira-dama da Capital. Em sua fala, agradeceu os votos e destacou que \u00e9 a mulher mais votada da hist\u00f3ria da C\u00e2mara de Cuiab\u00e1.<\/p>\n\n\n\n<p>Antes do in\u00edcio dos trabalhos, o vereador Eduardo Magalh\u00e3es (Republicanos) fez uma ora\u00e7\u00e3o pelos rumos de Cuiab\u00e1 em nome de todos os parlamentares.<\/p>\n\n\n\n<p><strong>Os vereadores empossados s\u00e3o:<\/strong><\/p>\n\n\n\n<p>Samantha Iris (PL)<br>Maysa Le\u00e3o (Republicanos)<br>Alex Rodrigues (PV)<br>Paula Calil (PL)<br>Cezinha Nascimento (Uni\u00e3o)<br>Ilde Taques (PSB)<br>Michellly Alencar (Uni\u00e3o)<br>Maria Avalone (PSDB)<br>Marcrean Santos (MDB)<br>T. Coronel Dias (Cidadania)<br>Dra Mara (Pode)<br>Adevair Cabral (Solidariedade)<br>Dilemario Alencar (Uni\u00e3o)<br>Policial Federal Rafael Ranalli (PL)<br>Eduardo Magalh\u00e3es (Republicanos)<br>Kassio Coelho (Pode)<br>Demilson Nogueira (PP)<br>D\u00eddimo Vov\u00f4 (PSB)<br>Chico 2000 (PL)<br>Sargento Joelson (PSB)<br>Baixinha Giraldelli (Solidariedade)<br>Katiuscia (PSB)<br>Mario Nadaf (PV)<br>Marcus Brito Jr (PV)<br>Daniel Monteiro (Republicanos)<br>Jefferson Siqueira (PSD)<br>Wilson Kero Kero (PMB)<\/p>\n\n\n\n<p>Na sequ\u00eancia ser\u00e1 feita e elei\u00e7\u00e3o da nova Mesa Diretora, quando deve ser eleita a vereadora Paula Calil, \u00fanica candidata inscrita. S\u00f3 ent\u00e3o ser\u00e1 realizada a posse do novo prefeito, Abilio Brunini.<\/p>\n\n\n\n<p>Rep\u00f3rter MT<\/p>\n","protected":false},"excerpt":{"rendered":"<p>Os vereadores eleitos na elei\u00e7\u00e3o de outubro de 2024 tomaram posse nesta quarta-feira (1\u00ba) para um mandato que segue at\u00e9 2028. A posse marca tamb\u00e9m o aumento no n\u00famero de parlamentares municipais, que agora ser\u00e3o 27. At\u00e9 o ano passado eram 24. A cerim\u00f4nia foi presidida pela vereadora mais votada na elei\u00e7\u00e3o, Samantha \u00cdris (PL), [&hellip;]<\/p>\n","protected":false},"author":2,"featured_media":6799,"comment_status":"closed","ping_status":"closed","sticky":false,"template":"","format":"standard","meta":{"_monsterinsights_skip_tracking":false,"_monsterinsights_sitenote_active":false,"_monsterinsights_sitenote_note":"","_monsterinsights_sitenote_category":0,"footnotes":""},"categories":[51,1,48],"tags":[],"_links":{"self":[{"href":"https:\/\/nazarenonews.com.br\/index.php\/wp-json\/wp\/v2\/posts\/6747"}],"collection":[{"href":"https:\/\/nazarenonews.com.br\/index.php\/wp-json\/wp\/v2\/posts"}],"about":[{"href":"https:\/\/nazarenonews.com.br\/index.php\/wp-json\/wp\/v2\/types\/post"}],"author":[{"embeddable":true,"href":"https:\/\/nazarenonews.com.br\/index.php\/wp-json\/wp\/v2\/users\/2"}],"replies":[{"embeddable":true,"href":"https:\/\/nazarenonews.com.br\/index.php\/wp-json\/wp\/v2\/comments?post=6747"}],"version-history":[{"count":1,"href":"https:\/\/nazarenonews.com.br\/index.php\/wp-json\/wp\/v2\/posts\/6747\/revisions"}],"predecessor-version":[{"id":6749,"href":"https:\/\/nazarenonews.com.br\/index.php\/wp-json\/wp\/v2\/posts\/6747\/revisions\/6749"}],"wp:featuredmedia":[{"embeddable":true,"href":"https:\/\/nazarenonews.com.br\/index.php\/wp-json\/wp\/v2\/media\/6799"}],"wp:attachment":[{"href":"https:\/\/nazarenonews.com.br\/index.php\/wp-json\/wp\/v2\/media?parent=6747"}],"wp:term":[{"taxonomy":"category","embeddable":true,"href":"https:\/\/nazarenonews.com.br\/index.php\/wp-json\/wp\/v2\/categories?post=6747"},{"taxonomy":"post_tag","embeddable":true,"href":"https:\/\/nazarenonews.com.br\/index.php\/wp-json\/wp\/v2\/tags?post=6747"}],"curies":[{"name":"wp","href":"https:\/\/api.w.org\/{rel}","templated":true}]}}