{"id":6705,"date":"2024-12-31T08:10:03","date_gmt":"2024-12-31T12:10:03","guid":{"rendered":"https:\/\/nazarenonews.com.br\/?p=6705"},"modified":"2025-01-01T15:43:33","modified_gmt":"2025-01-01T19:43:33","slug":"camara-de-vg-aumenta-salario-de-vereadores-em-80-com-beneficios-valor-pode-passar-de-r-27-mil","status":"publish","type":"post","link":"https:\/\/nazarenonews.com.br\/index.php\/2024\/12\/31\/camara-de-vg-aumenta-salario-de-vereadores-em-80-com-beneficios-valor-pode-passar-de-r-27-mil\/","title":{"rendered":"C\u00e2mara de VG aumenta sal\u00e1rio de vereadores em 80%; com benef\u00edcios, valor pode passar de R$ 27 mil"},"content":{"rendered":"\n<p>A C\u00e2mara de V\u00e1rzea Grande aprovou um novo aumento de sal\u00e1rio dos parlamentares. Com isso, o valor pago a cada vereador salta de aproximadamente R$ 10 mil para cerca de R$ 18 mil. Ou seja, um aumento de 80%.<\/p>\n\n\n\n<p>O projeto teve o apoio de 18 dos 21 parlamentares que integram o Legislativo municipal. Somando todos os benef\u00edcios que um parlamentar recebe no munic\u00edpio, o vencimento por vereador deve ficar em torno de R$ 27 mil por m\u00eas.<\/p>\n\n\n\n<p>O aumento j\u00e1 havia sido votado em abril deste ano, mas foi anulado ap\u00f3s recomenda\u00e7\u00e3o do Minist\u00e9rio P\u00fablico Estadual, que entendeu que a decis\u00e3o foi tomada sem estudo pr\u00e9vio do impacto or\u00e7ament\u00e1rio e financeiro para os cofres p\u00fablicos municipais, al\u00e9m de recomendar altera\u00e7\u00f5es na forma de tramita\u00e7\u00e3o do projeto.<\/p>\n\n\n\n<p>Em nota, a C\u00e2mara municipal disse que cumpriu a recomenda\u00e7\u00e3o do Minist\u00e9rio P\u00fablico.<\/p>\n\n\n\n<p>Disse ainda que a Constitui\u00e7\u00e3o Federal assegura que, em cidades com mais de 300 mil habitantes, o sal\u00e1rio dos vereadores dever\u00e1 ser de 60% do valor pago aos deputados estaduais, que atualmente \u00e9 de pouco mais de R$ 33 mil em Mato Grosso. Nesta linha de racioc\u00ednio, o sal\u00e1rio dos vereadores ainda poderia chegar a at\u00e9 R$ 19.8 mil.<\/p>\n\n\n\n<p><strong><em>&#8220;Portanto, n\u00e3o depende da C\u00e2mara Municipal o reajuste, mas sim da Assembleia Legislativa, que ao reajustar o sal\u00e1rio do Deputado Estadual, automaticamente reajusta o subs\u00eddio do Vereador, cabendo a C\u00e2mara apenas regulamentar\u201d<\/em><\/strong>, diz nota enviada para a imprensa.<\/p>\n\n\n\n<p><em><strong>\u201cEm nenhum momento a recomenda\u00e7\u00e3o do Minist\u00e9rio P\u00fablico questionou valores ou pediu a sua redu\u00e7\u00e3o at\u00e9 porque o valor fixado est\u00e1 at\u00e9 abaixo do estabelecido no artigo 29, VI da Constitui\u00e7\u00e3o Federal\u201d<\/strong><\/em>, conclui o posicionamento.<\/p>\n\n\n\n<p><strong>Veja a \u00edntegra da nota abaixo:<\/strong><\/p>\n\n\n\n<p><em>NOTA<\/em><\/p>\n\n\n\n<p><em>Com o objetivo de esclarecer os devidos fatos a assessoria da C\u00e2mara Municipal de Vereadores de V\u00e1rzea Grande vem informar que cumpriu a Notifica\u00e7\u00e3o Recomendat\u00f3ria do Minist\u00e9rio P\u00fablico do Estado que foi \u00fanica e exclusivamente de reestabelecer o reajuste do subs\u00eddio dos Vereadores por Resolu\u00e7\u00e3o pois havia sido estabelecido por Lei municipal, no valor fixado no artigo 29, VI da Constitui\u00e7\u00e3o Federal que \u00e9 de at\u00e9 60% do sal\u00e1rio de um Deputado Estadual. (E &#8211; em Munic\u00edpios de trezentos mil e um a quinhentos mil habitantes, o subs\u00eddio m\u00e1ximo dos Vereadores corresponder\u00e1 a sessenta por cento do subs\u00eddio dos Deputados Estaduais, ART. 29, VI, e da Constitui\u00e7\u00e3o Federal)<\/em><\/p>\n\n\n\n<p><em>Portanto, n\u00e3o depende da C\u00e2mara Municipal o reajuste mas sim da Assembleia Legislativa, que ao reajustar o sal\u00e1rio do Deputado Estadual, automaticamente reajusta o subs\u00eddio do Vereador, cabendo a C\u00e2mara apenas regulamentar.<\/em><\/p>\n\n\n\n<p><em>Tanto que isso se deu em abril de 2024 atrav\u00e9s da Lei Municipal 5.243\/24 feita a com estimativa de impacto financeiro-or\u00e7ament\u00e1rio.<\/em><\/p>\n\n\n\n<p><em>E agora, sob pedido e orienta\u00e7\u00e3o do Minist\u00e9rio P\u00fablico, em respeito, foi refeito o reajuste atrav\u00e9s de Resolu\u00e7\u00e3o da C\u00e2mara Municipal, tamb\u00e9m com estimativa de impacto financeiro-or\u00e7ament\u00e1rio, inclusive mais detalhado ainda.<\/em><\/p>\n\n\n\n<p><em>Esclarece tamb\u00e9m que em abril transato foi feito o reajuste por Lei e n\u00e3o por Resolu\u00e7\u00e3o por ser Lei uma exig\u00eancia do Tribunal de Contas do Estado e em conson\u00e2ncia com os demais munic\u00edpios do Estado de Mato Grosso que nunca tiveram nenhum questionamento no decorrer de longos anos por utilizar desse instrumento legal.<\/em><\/p>\n\n\n\n<p><em>Em nenhum momento a recomenda\u00e7\u00e3o do Minist\u00e9rio P\u00fablico questionou valores ou pediu a sua redu\u00e7\u00e3o at\u00e9 porque o valor fixado est\u00e1 at\u00e9 abaixo do estabelecido no artigo 29, VI da Constitui\u00e7\u00e3o Federal.<\/em><\/p>\n\n\n\n<p>Rep\u00f3rter MT<\/p>\n","protected":false},"excerpt":{"rendered":"<p>A C\u00e2mara de V\u00e1rzea Grande aprovou um novo aumento de sal\u00e1rio dos parlamentares. Com isso, o valor pago a cada vereador salta de aproximadamente R$ 10 mil para cerca de R$ 18 mil. Ou seja, um aumento de 80%. O projeto teve o apoio de 18 dos 21 parlamentares que integram o Legislativo municipal. Somando [&hellip;]<\/p>\n","protected":false},"author":2,"featured_media":6735,"comment_status":"closed","ping_status":"closed","sticky":false,"template":"","format":"standard","meta":{"_monsterinsights_skip_tracking":false,"_monsterinsights_sitenote_active":false,"_monsterinsights_sitenote_note":"","_monsterinsights_sitenote_category":0,"footnotes":""},"categories":[51,1,48],"tags":[],"_links":{"self":[{"href":"https:\/\/nazarenonews.com.br\/index.php\/wp-json\/wp\/v2\/posts\/6705"}],"collection":[{"href":"https:\/\/nazarenonews.com.br\/index.php\/wp-json\/wp\/v2\/posts"}],"about":[{"href":"https:\/\/nazarenonews.com.br\/index.php\/wp-json\/wp\/v2\/types\/post"}],"author":[{"embeddable":true,"href":"https:\/\/nazarenonews.com.br\/index.php\/wp-json\/wp\/v2\/users\/2"}],"replies":[{"embeddable":true,"href":"https:\/\/nazarenonews.com.br\/index.php\/wp-json\/wp\/v2\/comments?post=6705"}],"version-history":[{"count":1,"href":"https:\/\/nazarenonews.com.br\/index.php\/wp-json\/wp\/v2\/posts\/6705\/revisions"}],"predecessor-version":[{"id":6707,"href":"https:\/\/nazarenonews.com.br\/index.php\/wp-json\/wp\/v2\/posts\/6705\/revisions\/6707"}],"wp:featuredmedia":[{"embeddable":true,"href":"https:\/\/nazarenonews.com.br\/index.php\/wp-json\/wp\/v2\/media\/6735"}],"wp:attachment":[{"href":"https:\/\/nazarenonews.com.br\/index.php\/wp-json\/wp\/v2\/media?parent=6705"}],"wp:term":[{"taxonomy":"category","embeddable":true,"href":"https:\/\/nazarenonews.com.br\/index.php\/wp-json\/wp\/v2\/categories?post=6705"},{"taxonomy":"post_tag","embeddable":true,"href":"https:\/\/nazarenonews.com.br\/index.php\/wp-json\/wp\/v2\/tags?post=6705"}],"curies":[{"name":"wp","href":"https:\/\/api.w.org\/{rel}","templated":true}]}}