{"id":6702,"date":"2024-12-31T07:59:58","date_gmt":"2024-12-31T11:59:58","guid":{"rendered":"https:\/\/nazarenonews.com.br\/?p=6702"},"modified":"2025-01-01T14:35:15","modified_gmt":"2025-01-01T18:35:15","slug":"mauro-nao-iremos-nos-sujeitar-a-esse-absurdo-em-troca-de-dinheirinho-do-governo-lula","status":"publish","type":"post","link":"https:\/\/nazarenonews.com.br\/index.php\/2024\/12\/31\/mauro-nao-iremos-nos-sujeitar-a-esse-absurdo-em-troca-de-dinheirinho-do-governo-lula\/","title":{"rendered":"Mauro: &#8220;N\u00e3o iremos nos sujeitar a esse absurdo em troca de dinheirinho do Governo Lula&#8221;"},"content":{"rendered":"\n<p>O governador Mauro Mendes afirmou que o decreto federal que visa restringir a atua\u00e7\u00e3o da pol\u00edcia no pa\u00eds, publicado nos \u00faltimos dias, \u00e9 um &#8220;absurdo&#8221; que tenta culpar a Pol\u00edcia Militar pelo grave problema de Seguran\u00e7a P\u00fablica do pa\u00eds. Al\u00e9m disso, ele destacou que o Estado n\u00e3o ir\u00e1 se sujeitar a orienta\u00e7\u00f5es restritivas em troca de &#8220;dinheirinho&#8221;.<\/p>\n\n\n\n<p>Em entrevista \u00e0 Jovem Pan News, na noite deste s\u00e1bado (28), Mauro declarou que Mato Grosso n\u00e3o ir\u00e1 se submeter \u00e0s orienta\u00e7\u00f5es e continuar\u00e1 com politica de Toler\u00e2ncia Zero com os criminosos.<\/p>\n\n\n\n<p>&#8220;<em><strong>Eu discordo completamente dessa estrat\u00e9gia de querer fazer esse grande debate em cima da Pol\u00edcia Militar, como se eles fossem os causadores dos grandes \u00edndices de viol\u00eancia e da inseguran\u00e7a que o cidad\u00e3o brasileiro tem hoje em praticamente todos os estados e na grande maioria das cidades brasileiras. Para mim \u00e9 um absurdo<\/strong><\/em>&#8220;, pontuou.<\/p>\n\n\n\n<p>Para o governador, o decreto n\u00e3o passa de um &#8220;factoide&#8221;.<\/p>\n\n\n\n<p>&#8220;<em><strong>\u00c9 uma mudan\u00e7a completa de contexto e de foco. O Brasil teve nos \u00faltimos anos mais de 40 mil assassinatos. \u00c9 o pa\u00eds que mais mata em n\u00fameros absolutos no mundo. Ent\u00e3o isso tem que ser combatido com leis duras, combatido com intelig\u00eancia, com estrat\u00e9gia e n\u00e3o criando esse factoide<\/strong><\/em>&#8220;, criticou.<\/p>\n\n\n\n<p>O decreto federal prev\u00ea, entre outras restri\u00e7\u00f5es, que as for\u00e7as de Seguran\u00e7a n\u00e3o podem usar arma de fogo em situa\u00e7\u00f5es de pessoa em fuga que esteja desarmada ou contra ve\u00edculo que desrespeite bloqueio policial.<\/p>\n\n\n\n<p>Mesmo n\u00e3o sendo obrigat\u00f3ria a ado\u00e7\u00e3o pelas pol\u00edcias estaduais, o Governo Federal s\u00f3 passar\u00e1 recursos para os fundos de Seguran\u00e7a aos estados que seguirem essas normas.<\/p>\n\n\n\n<p>&#8220;<em><strong>O dinheirinho da Uni\u00e3o \u00e9 muito pouco diante daquilo que todos os estados brasileiros est\u00e3o investindo. Os recursos para a Seguran\u00e7a P\u00fablica, Pol\u00edcia Penal que n\u00f3s bancamos com o dinheiro do Estado \u00e9 muito, mas muito maior do que esse dinheirinho que eventualmente deixaria de vir. No meu estado eu j\u00e1 adianto: prefiro deixar de receber esse dinheirinho a ter que seguir uma regra que eu acredito que n\u00e3o vai ajudar na estrat\u00e9gia de melhorar o ambiente de seguran\u00e7a para o cidad\u00e3o e para a sociedade<\/strong><\/em>&#8220;, adiantou.<\/p>\n\n\n\n<p>Mauro ainda defendeu a atua\u00e7\u00e3o da Pol\u00edcia Militar e pontuou que o Brasil precisa de medidas realmente efetivas para enfrentar a viol\u00eancia.<\/p>\n\n\n\n<p>&#8220;<em><strong>\u00c9 a minoria, zero v\u00edrgula qualquer coisa por cento dos policiais que tem desvio de conduta. A grande maioria s\u00e3o cidad\u00e3os de bem que trabalham para prover seguran\u00e7a p\u00fablica em todos os estados e todas as cidades brasileiras<\/strong><\/em>&#8220;, completou.<\/p>\n\n\n\n<p>Rep\u00f3rter MT<\/p>\n","protected":false},"excerpt":{"rendered":"<p>O governador Mauro Mendes afirmou que o decreto federal que visa restringir a atua\u00e7\u00e3o da pol\u00edcia no pa\u00eds, publicado nos \u00faltimos dias, \u00e9 um &#8220;absurdo&#8221; que tenta culpar a Pol\u00edcia Militar pelo grave problema de Seguran\u00e7a P\u00fablica do pa\u00eds. Al\u00e9m disso, ele destacou que o Estado n\u00e3o ir\u00e1 se sujeitar a orienta\u00e7\u00f5es restritivas em troca [&hellip;]<\/p>\n","protected":false},"author":2,"featured_media":6734,"comment_status":"closed","ping_status":"closed","sticky":false,"template":"","format":"standard","meta":{"_monsterinsights_skip_tracking":false,"_monsterinsights_sitenote_active":false,"_monsterinsights_sitenote_note":"","_monsterinsights_sitenote_category":0,"footnotes":""},"categories":[37,1,48],"tags":[],"_links":{"self":[{"href":"https:\/\/nazarenonews.com.br\/index.php\/wp-json\/wp\/v2\/posts\/6702"}],"collection":[{"href":"https:\/\/nazarenonews.com.br\/index.php\/wp-json\/wp\/v2\/posts"}],"about":[{"href":"https:\/\/nazarenonews.com.br\/index.php\/wp-json\/wp\/v2\/types\/post"}],"author":[{"embeddable":true,"href":"https:\/\/nazarenonews.com.br\/index.php\/wp-json\/wp\/v2\/users\/2"}],"replies":[{"embeddable":true,"href":"https:\/\/nazarenonews.com.br\/index.php\/wp-json\/wp\/v2\/comments?post=6702"}],"version-history":[{"count":1,"href":"https:\/\/nazarenonews.com.br\/index.php\/wp-json\/wp\/v2\/posts\/6702\/revisions"}],"predecessor-version":[{"id":6704,"href":"https:\/\/nazarenonews.com.br\/index.php\/wp-json\/wp\/v2\/posts\/6702\/revisions\/6704"}],"wp:featuredmedia":[{"embeddable":true,"href":"https:\/\/nazarenonews.com.br\/index.php\/wp-json\/wp\/v2\/media\/6734"}],"wp:attachment":[{"href":"https:\/\/nazarenonews.com.br\/index.php\/wp-json\/wp\/v2\/media?parent=6702"}],"wp:term":[{"taxonomy":"category","embeddable":true,"href":"https:\/\/nazarenonews.com.br\/index.php\/wp-json\/wp\/v2\/categories?post=6702"},{"taxonomy":"post_tag","embeddable":true,"href":"https:\/\/nazarenonews.com.br\/index.php\/wp-json\/wp\/v2\/tags?post=6702"}],"curies":[{"name":"wp","href":"https:\/\/api.w.org\/{rel}","templated":true}]}}