{"id":6699,"date":"2024-12-31T07:57:42","date_gmt":"2024-12-31T11:57:42","guid":{"rendered":"https:\/\/nazarenonews.com.br\/?p=6699"},"modified":"2024-12-31T11:23:12","modified_gmt":"2024-12-31T15:23:12","slug":"morre-ex-primeira-dama-e-ex-vereadora","status":"publish","type":"post","link":"https:\/\/nazarenonews.com.br\/index.php\/2024\/12\/31\/morre-ex-primeira-dama-e-ex-vereadora\/","title":{"rendered":"Morre ex-primeira-dama e ex-vereadora"},"content":{"rendered":"\n<p>Morreu, nesse domingo (29), a ex-primeira-dama, ex-vereadora e ex-secret\u00e1ria de Educa\u00e7\u00e3o de Pocon\u00e9, Ornella Ros\u00e1rio Proen\u00e7a Moraes Falc\u00e3o, em decorr\u00eancia de complica\u00e7\u00f5es de sa\u00fade.<\/p>\n\n\n\n<p>O prefeito, Tat\u00e1 Amaral, lamentou nas redes sociais o falecimento. \u201cOrnella Falc\u00e3o foi uma mulher de grande for\u00e7a, compromisso e dedica\u00e7\u00e3o \u00e0 nossa comunidade, sempre buscando contribuir com seu trabalho para o bem-estar e o desenvolvimento de Pocon\u00e9\u201d, escreveu.<\/p>\n\n\n\n<p><strong><em>\u201cSua trajet\u00f3ria de vida, marcada pelo cuidado com os outros e pelo amor \u00e0 nossa cidade, deixa um legado que ser\u00e1 lembrado por todos\u201d<\/em><\/strong>, acrescentou.<\/p>\n\n\n\n<p>A deputada estadual Janaina Riva tamb\u00e9m se solidarizou com amigos e familiares de Ornela.<\/p>\n\n\n\n<p><em><strong>\u201cNos solidarizamos com a fam\u00edlia e os amigos, rogando a Deus que conforte seus cora\u00e7\u00f5es neste momento t\u00e3o dif\u00edcil\u201d<\/strong><\/em>, publicou a parlamentar.<\/p>\n\n\n\n<p>Rep\u00f3rter MT<\/p>\n","protected":false},"excerpt":{"rendered":"<p>Morreu, nesse domingo (29), a ex-primeira-dama, ex-vereadora e ex-secret\u00e1ria de Educa\u00e7\u00e3o de Pocon\u00e9, Ornella Ros\u00e1rio Proen\u00e7a Moraes Falc\u00e3o, em decorr\u00eancia de complica\u00e7\u00f5es de sa\u00fade. O prefeito, Tat\u00e1 Amaral, lamentou nas redes sociais o falecimento. \u201cOrnella Falc\u00e3o foi uma mulher de grande for\u00e7a, compromisso e dedica\u00e7\u00e3o \u00e0 nossa comunidade, sempre buscando contribuir com seu trabalho para [&hellip;]<\/p>\n","protected":false},"author":2,"featured_media":6711,"comment_status":"closed","ping_status":"closed","sticky":false,"template":"","format":"standard","meta":{"_monsterinsights_skip_tracking":false,"_monsterinsights_sitenote_active":false,"_monsterinsights_sitenote_note":"","_monsterinsights_sitenote_category":0,"footnotes":""},"categories":[1,48],"tags":[],"_links":{"self":[{"href":"https:\/\/nazarenonews.com.br\/index.php\/wp-json\/wp\/v2\/posts\/6699"}],"collection":[{"href":"https:\/\/nazarenonews.com.br\/index.php\/wp-json\/wp\/v2\/posts"}],"about":[{"href":"https:\/\/nazarenonews.com.br\/index.php\/wp-json\/wp\/v2\/types\/post"}],"author":[{"embeddable":true,"href":"https:\/\/nazarenonews.com.br\/index.php\/wp-json\/wp\/v2\/users\/2"}],"replies":[{"embeddable":true,"href":"https:\/\/nazarenonews.com.br\/index.php\/wp-json\/wp\/v2\/comments?post=6699"}],"version-history":[{"count":1,"href":"https:\/\/nazarenonews.com.br\/index.php\/wp-json\/wp\/v2\/posts\/6699\/revisions"}],"predecessor-version":[{"id":6701,"href":"https:\/\/nazarenonews.com.br\/index.php\/wp-json\/wp\/v2\/posts\/6699\/revisions\/6701"}],"wp:featuredmedia":[{"embeddable":true,"href":"https:\/\/nazarenonews.com.br\/index.php\/wp-json\/wp\/v2\/media\/6711"}],"wp:attachment":[{"href":"https:\/\/nazarenonews.com.br\/index.php\/wp-json\/wp\/v2\/media?parent=6699"}],"wp:term":[{"taxonomy":"category","embeddable":true,"href":"https:\/\/nazarenonews.com.br\/index.php\/wp-json\/wp\/v2\/categories?post=6699"},{"taxonomy":"post_tag","embeddable":true,"href":"https:\/\/nazarenonews.com.br\/index.php\/wp-json\/wp\/v2\/tags?post=6699"}],"curies":[{"name":"wp","href":"https:\/\/api.w.org\/{rel}","templated":true}]}}