{"id":6696,"date":"2024-12-31T07:55:42","date_gmt":"2024-12-31T11:55:42","guid":{"rendered":"https:\/\/nazarenonews.com.br\/?p=6696"},"modified":"2024-12-31T11:08:20","modified_gmt":"2024-12-31T15:08:20","slug":"prazo-para-conclusao-de-processos-da-1a-habilitacao-e-prorrogado-para-2025-em-mt","status":"publish","type":"post","link":"https:\/\/nazarenonews.com.br\/index.php\/2024\/12\/31\/prazo-para-conclusao-de-processos-da-1a-habilitacao-e-prorrogado-para-2025-em-mt\/","title":{"rendered":"Prazo para conclus\u00e3o de processos da 1\u00aa habilita\u00e7\u00e3o \u00e9 prorrogado para 2025 em MT"},"content":{"rendered":"\n<p>O prazo para a conclus\u00e3o dos processos de obten\u00e7\u00e3o da primeira Carteira Nacional de Habilita\u00e7\u00e3o (CNH), que foram iniciados entre 2019 e 2023, foi prorrogado para o ano que vem. Segundo o Departamento Estadual de Tr\u00e2nsito (Detran-MT), com a prorroga\u00e7\u00e3o, os candidatos que tiverem conclu\u00eddo a etapa da aula pr\u00e1tica at\u00e9 o dia 31 de dezembro de 2024 ter\u00e3o at\u00e9 o dia 31 de mar\u00e7o de 2025 para agendar o exame pr\u00e1tico.<\/p>\n\n\n\n<p>De acordo com o Detran, a prorroga\u00e7\u00e3o acata uma decis\u00e3o da Secretaria Nacional de Tr\u00e2nsito (Senatran). Os processos j\u00e1 haviam sido prorrogados anteriormente devido \u00e0 pandemia da Covid-19, conforme uma resolu\u00e7\u00e3o do Conselho Nacional de Tr\u00e2nsito (Contran).<\/p>\n\n\n\n<p>O diretor de Habilita\u00e7\u00e3o e Ve\u00edculos do Detran-MT, Alessandro de Andrade, ressaltou que a prorroga\u00e7\u00e3o n\u00e3o contempla os processos iniciados em 2024, os quais continuam com a validade de 12 meses a partir da abertura do processo.<\/p>\n\n\n\n<p>J\u00e1 o presidente do Detran-MT, Gustavo Vasconcelos, enfatizou o esfor\u00e7o em atender os candidatos em todas as etapas para a obten\u00e7\u00e3o da primeira habilita\u00e7\u00e3o. Ele explicou que, na sede do Detran, em Cuiab\u00e1, est\u00e3o sendo realizados exames pr\u00e1ticos aos finais de semana e feriados para atender os candidatos com processos pr\u00f3ximos ao vencimento. Segundo o presidente, com a prorroga\u00e7\u00e3o do prazo, o atendimento ampliado ser\u00e1 mantido, tanto para os processos iniciados em 2024 quanto para aqueles prorrogados por decis\u00e3o judicial.<\/p>\n\n\n\n<p>Em 2023, o Detran-MT realizou mais de 180 mil exames pr\u00e1ticos de dire\u00e7\u00e3o em todo o Estado. De janeiro a novembro de 2024, esse n\u00famero j\u00e1 alcan\u00e7ou 160 mil provas pr\u00e1ticas, segundo o departamento.<\/p>\n\n\n\n<p>Rep\u00f3rter MT<\/p>\n\n\n\n<p><\/p>\n","protected":false},"excerpt":{"rendered":"<p>O prazo para a conclus\u00e3o dos processos de obten\u00e7\u00e3o da primeira Carteira Nacional de Habilita\u00e7\u00e3o (CNH), que foram iniciados entre 2019 e 2023, foi prorrogado para o ano que vem. Segundo o Departamento Estadual de Tr\u00e2nsito (Detran-MT), com a prorroga\u00e7\u00e3o, os candidatos que tiverem conclu\u00eddo a etapa da aula pr\u00e1tica at\u00e9 o dia 31 de [&hellip;]<\/p>\n","protected":false},"author":2,"featured_media":6710,"comment_status":"closed","ping_status":"closed","sticky":false,"template":"","format":"standard","meta":{"_monsterinsights_skip_tracking":false,"_monsterinsights_sitenote_active":false,"_monsterinsights_sitenote_note":"","_monsterinsights_sitenote_category":0,"footnotes":""},"categories":[36,1],"tags":[],"_links":{"self":[{"href":"https:\/\/nazarenonews.com.br\/index.php\/wp-json\/wp\/v2\/posts\/6696"}],"collection":[{"href":"https:\/\/nazarenonews.com.br\/index.php\/wp-json\/wp\/v2\/posts"}],"about":[{"href":"https:\/\/nazarenonews.com.br\/index.php\/wp-json\/wp\/v2\/types\/post"}],"author":[{"embeddable":true,"href":"https:\/\/nazarenonews.com.br\/index.php\/wp-json\/wp\/v2\/users\/2"}],"replies":[{"embeddable":true,"href":"https:\/\/nazarenonews.com.br\/index.php\/wp-json\/wp\/v2\/comments?post=6696"}],"version-history":[{"count":1,"href":"https:\/\/nazarenonews.com.br\/index.php\/wp-json\/wp\/v2\/posts\/6696\/revisions"}],"predecessor-version":[{"id":6698,"href":"https:\/\/nazarenonews.com.br\/index.php\/wp-json\/wp\/v2\/posts\/6696\/revisions\/6698"}],"wp:featuredmedia":[{"embeddable":true,"href":"https:\/\/nazarenonews.com.br\/index.php\/wp-json\/wp\/v2\/media\/6710"}],"wp:attachment":[{"href":"https:\/\/nazarenonews.com.br\/index.php\/wp-json\/wp\/v2\/media?parent=6696"}],"wp:term":[{"taxonomy":"category","embeddable":true,"href":"https:\/\/nazarenonews.com.br\/index.php\/wp-json\/wp\/v2\/categories?post=6696"},{"taxonomy":"post_tag","embeddable":true,"href":"https:\/\/nazarenonews.com.br\/index.php\/wp-json\/wp\/v2\/tags?post=6696"}],"curies":[{"name":"wp","href":"https:\/\/api.w.org\/{rel}","templated":true}]}}