{"id":6694,"date":"2024-12-31T07:53:56","date_gmt":"2024-12-31T11:53:56","guid":{"rendered":"https:\/\/nazarenonews.com.br\/?p=6694"},"modified":"2024-12-31T07:53:56","modified_gmt":"2024-12-31T11:53:56","slug":"abilio-defende-congelamento-de-contas-da-prefeitura-de-cuiaba-para-evitar-greve-na-saude","status":"publish","type":"post","link":"https:\/\/nazarenonews.com.br\/index.php\/2024\/12\/31\/abilio-defende-congelamento-de-contas-da-prefeitura-de-cuiaba-para-evitar-greve-na-saude\/","title":{"rendered":"Abilio defende congelamento de contas da Prefeitura de Cuiab\u00e1 para evitar greve na Sa\u00fade"},"content":{"rendered":"\n<p>O prefeito eleito de Cuiab\u00e1, Abilio Brunini (PL), usou seu perfil nas redes sociais na noite de domingo (29), para defender o congelamento das contas da Prefeitura da Capital para evitar uma poss\u00edvel greve na Sa\u00fade do Munic\u00edpio.<\/p>\n\n\n\n<p>Durante a noite de domingo, Abilio visitou algumas Unidades de Pronto Atendimento (UPAs) da Capital ocasi\u00e3o em que constatou falta de soro, dipirona, enfermeiros e t\u00e9cnicos de enfermagem, profissionais de limpeza, copos descart\u00e1veis e papel higi\u00eanico.<\/p>\n\n\n\n<p>Al\u00e9m disso, o prefeito diplomado destacou que a espera por atendimento \u00e9 de mais de 5 horas para classifica\u00e7\u00e3o verde e que a situa\u00e7\u00e3o deve piorar ainda mais nos pr\u00f3ximos dias, j\u00e1 que os profissionais da sa\u00fade estariam sem receber o d\u00e9cimo terceiro sal\u00e1rio e outros benef\u00edcios e est\u00e3o amea\u00e7ando paralisar as atividades.<\/p>\n\n\n\n<p>\u201c<em><strong>Eu vi pela internet inclusive uma amea\u00e7a de paralisa\u00e7\u00e3o amanh\u00e3 se at\u00e9 \u00e0s 19h, se eu n\u00e3o me engano, se n\u00e3o pagar d\u00e9cimo terceiro [sal\u00e1rio] para os profissionais da sa\u00fade, eles est\u00e3o amea\u00e7ando uma paralisa\u00e7\u00e3o. A situa\u00e7\u00e3o est\u00e1 muito dif\u00edcil aqui em Cuiab\u00e1<\/strong><\/em>\u201d, lamentou.<\/p>\n\n\n\n<p>Para evitar um agravamento da crise, Ab\u00edlio afirmou que ir\u00e1 conversar com o desembargador Orlando Perri, do Tribunal de Justi\u00e7a do Estado e tamb\u00e9m com o Minist\u00e9rio P\u00fablico para que congele as contas do executivo para garantir o pagamento dos direitos trabalhistas dos profissionais e com isso, evitar uma greve.<\/p>\n\n\n\n<p>\u201c<em><strong>Minist\u00e9rio P\u00fablico, Tribunal de Justi\u00e7a, por favor, fa\u00e7a o congelamento das contas da prefeitura, bloqueie as contas da prefeitura para que pague aos profissionais da sa\u00fade os seus direitos. Fa\u00e7a alguma atitude. Eu vou pedir amanh\u00e3 ao desembargador Orlando Perri, ao conselheiro do tribunal de contas. N\u00e3o \u00e9 poss\u00edvel a prefeitura continuar gastando em outras \u00e1reas e deixar a sa\u00fade em 2\u00ba lugar<\/strong><\/em>\u201d, declarou.<\/p>\n\n\n\n<p><strong>Outro lado<\/strong><\/p>\n\n\n\n<p>Por meio de assessoria, a prefeitura divulgou a seguinte nota:<br><br><em>A Prefeitura de Cuiab\u00e1, por meio da Secretaria Municipal de Sa\u00fade, vem a p\u00fablico esclarecer a fala do prefeito eleito Ab\u00edlio Brunini, durante sua visita \u00e0s Unidades de Pronto Atendimento (UPAs) da Capital, na noite de domingo (29). Durante a visita, Ab\u00edlio indicou a falta de alguns insumos e recursos.<\/em><\/p>\n\n\n\n<p><em>Primeiramente, \u00e9 importante ressaltar que a falta de soro fisiol\u00f3gico, um dos itens mencionados, foi ocasionada pela alta demanda de atendimentos registrados no final de semana, que alcan\u00e7aram a marca de quase 2 mil atendimentos nas UPAs. Esse volume elevado de atendimentos acabou comprometendo o estoque de soro, mas, conforme informado pelo CDMIC (Centro de Distribui\u00e7\u00e3o de Medicamentos e Insumos de Cuiab\u00e1), a reposi\u00e7\u00e3o completa do soro fisiol\u00f3gico j\u00e1 est\u00e1 sendo realizada nesta segunda-feira (30).<\/em><\/p>\n\n\n\n<p><em>Al\u00e9m disso, a UPA Verd\u00e3o enfrenta uma situa\u00e7\u00e3o mais cr\u00edtica, com 13 servidores afastados devido ao diagn\u00f3stico de Covid-19, o que agrava ainda mais o quadro de recursos humanos na unidade. A Prefeitura de Cuiab\u00e1 est\u00e1 adotando todas as medidas necess\u00e1rias para suprir a aus\u00eancia desses profissionais e garantir o atendimento de qualidade \u00e0 popula\u00e7\u00e3o.<\/em><\/p>\n\n\n\n<p><em>Outro ponto a ser destacado \u00e9 a elevada demanda no per\u00edodo de final de ano, que acarreta uma superlota\u00e7\u00e3o nas unidades da aten\u00e7\u00e3o terci\u00e1ria, como os hospitais, que acabam refletindo diretamente nas UPAs. A dificuldade em transferir pacientes para essas unidades hospitalares, devido \u00e0 lota\u00e7\u00e3o, acaba fazendo com que as UPAs operem com um n\u00famero de pacientes superior ao seu limite de capacidade, impactando o atendimento.<\/em><\/p>\n\n\n\n<p><em>A gest\u00e3o municipal refor\u00e7a o compromisso com a sa\u00fade da popula\u00e7\u00e3o e est\u00e1 tomando as medidas adequadas para resolver essas quest\u00f5es pontuais. A Secretaria Municipal de Sa\u00fade continua trabalhando para melhorar o atendimento e garantir a seguran\u00e7a dos pacientes e profissionais.<\/em><\/p>\n\n\n\n<p>Rep\u00f3rter MT<\/p>\n","protected":false},"excerpt":{"rendered":"<p>O prefeito eleito de Cuiab\u00e1, Abilio Brunini (PL), usou seu perfil nas redes sociais na noite de domingo (29), para defender o congelamento das contas da Prefeitura da Capital para evitar uma poss\u00edvel greve na Sa\u00fade do Munic\u00edpio. Durante a noite de domingo, Abilio visitou algumas Unidades de Pronto Atendimento (UPAs) da Capital ocasi\u00e3o em [&hellip;]<\/p>\n","protected":false},"author":2,"featured_media":6682,"comment_status":"closed","ping_status":"closed","sticky":false,"template":"","format":"standard","meta":{"_monsterinsights_skip_tracking":false,"_monsterinsights_sitenote_active":false,"_monsterinsights_sitenote_note":"","_monsterinsights_sitenote_category":0,"footnotes":""},"categories":[1,48],"tags":[],"_links":{"self":[{"href":"https:\/\/nazarenonews.com.br\/index.php\/wp-json\/wp\/v2\/posts\/6694"}],"collection":[{"href":"https:\/\/nazarenonews.com.br\/index.php\/wp-json\/wp\/v2\/posts"}],"about":[{"href":"https:\/\/nazarenonews.com.br\/index.php\/wp-json\/wp\/v2\/types\/post"}],"author":[{"embeddable":true,"href":"https:\/\/nazarenonews.com.br\/index.php\/wp-json\/wp\/v2\/users\/2"}],"replies":[{"embeddable":true,"href":"https:\/\/nazarenonews.com.br\/index.php\/wp-json\/wp\/v2\/comments?post=6694"}],"version-history":[{"count":1,"href":"https:\/\/nazarenonews.com.br\/index.php\/wp-json\/wp\/v2\/posts\/6694\/revisions"}],"predecessor-version":[{"id":6695,"href":"https:\/\/nazarenonews.com.br\/index.php\/wp-json\/wp\/v2\/posts\/6694\/revisions\/6695"}],"wp:featuredmedia":[{"embeddable":true,"href":"https:\/\/nazarenonews.com.br\/index.php\/wp-json\/wp\/v2\/media\/6682"}],"wp:attachment":[{"href":"https:\/\/nazarenonews.com.br\/index.php\/wp-json\/wp\/v2\/media?parent=6694"}],"wp:term":[{"taxonomy":"category","embeddable":true,"href":"https:\/\/nazarenonews.com.br\/index.php\/wp-json\/wp\/v2\/categories?post=6694"},{"taxonomy":"post_tag","embeddable":true,"href":"https:\/\/nazarenonews.com.br\/index.php\/wp-json\/wp\/v2\/tags?post=6694"}],"curies":[{"name":"wp","href":"https:\/\/api.w.org\/{rel}","templated":true}]}}