{"id":6688,"date":"2024-12-31T07:49:36","date_gmt":"2024-12-31T11:49:36","guid":{"rendered":"https:\/\/nazarenonews.com.br\/?p=6688"},"modified":"2024-12-31T11:00:47","modified_gmt":"2024-12-31T15:00:47","slug":"mais-de-70-acidentes-e-incidentes-aereos-sao-registrados-e-deixam-19-mortos-neste-ano-em-mt","status":"publish","type":"post","link":"https:\/\/nazarenonews.com.br\/index.php\/2024\/12\/31\/mais-de-70-acidentes-e-incidentes-aereos-sao-registrados-e-deixam-19-mortos-neste-ano-em-mt\/","title":{"rendered":"Mais de 70 acidentes e incidentes a\u00e9reos s\u00e3o registrados e deixam 19 mortos neste ano em MT"},"content":{"rendered":"\n<p>Mato Grosso registrou 79 acidentes e incidentes a\u00e9reos neste ano, segundo o Painel de Sistema de Investiga\u00e7\u00e3o e Preven\u00e7\u00e3o de Acidentes Aeron\u00e1uticos (Sipaer). Entre os registros, 41 foram classificados como incidentes, 28 como acidentes e 10 como incidentes graves. Desde janeiro,&nbsp;<strong>19 pessoas morreram<\/strong>, entre pilotos e tripulantes<em>&nbsp;(relembre algumas trag\u00e9dias abaixo).<\/em><\/p>\n\n\n\n<p>Conforme o levantamento, 13 pessoas morreram ap\u00f3s os acidentes aeron\u00e1uticos e seis morreram na hora.<\/p>\n\n\n\n<p>O levantamento revelou que\u00a0<a class=\"\" href=\"https:\/\/g1.globo.com\/mt\/mato-grosso\/cidade\/cuiaba\/\">Cuiab\u00e1<\/a>,\u00a0<a class=\"\" href=\"https:\/\/g1.globo.com\/mt\/mato-grosso\/cidade\/varzea-grande-mt\/\">V\u00e1rzea Grande<\/a>\u00a0e\u00a0<a class=\"\" href=\"https:\/\/g1.globo.com\/mt\/mato-grosso\/cidade\/sinop\/\">Sinop<\/a>\u00a0foram os munic\u00edpios com maior n\u00famero de acidentes a\u00e9reos\u00a0registrados no estado neste ano, com 22, 13 e 5 ocorr\u00eancias, respectivamente. Entre os tipos de aeronaves envolvidas, destacaram-se as\u00a0<strong>regulares<\/strong>, com 25 acidentes, seguidas das\u00a0<strong>agr\u00edcolas<\/strong>, com 21, e das\u00a0<strong>privadas<\/strong>, com 18 casos.<\/p>\n\n\n\n<p>Conforme o Centro de Investiga\u00e7\u00e3o e Preven\u00e7\u00e3o de Acidentes Aeron\u00e1uticos (Cenipa), o levantamento leva em considera\u00e7\u00e3o os acidentes que ocorreram desde falhas operacionais at\u00e9 colis\u00e3o com aves.<\/p>\n\n\n\n<p><strong>Segundo o Sipaer, as principais causas de acidentes a\u00e9reos no estado s\u00e3o:<\/strong><\/p>\n\n\n\n<ul>\n<li>Falha ou mau funcionamento de sistema componente: 24,05%<\/li>\n\n\n\n<li>Falha ou mau funcionamento do motor: 16,45%<\/li>\n\n\n\n<li>Colis\u00e3o com ave: 16,45%<\/li>\n\n\n\n<li>Opera\u00e7\u00e3o a baixa altitude: 15,18%<\/li>\n\n\n\n<li>Perda de controle em voo: 13,92%<\/li>\n\n\n\n<li>Excurs\u00e3o em pista: 8,8%<\/li>\n\n\n\n<li>Perda de controle no solo: 6,3%<\/li>\n\n\n\n<li>Outros: 5%<\/li>\n\n\n\n<li>Contato anormal com a pista: 3,79%<\/li>\n\n\n\n<li>Colis\u00e3o com obst\u00e1culo durante a decolagem e pouso: 2,5%<\/li>\n\n\n\n<li>Colis\u00e3o com fauna: 2,5%<\/li>\n\n\n\n<li>Indeterminado: 1,2%<\/li>\n\n\n\n<li>Pouso aqu\u00e9m\/al\u00e9m da pista: 1,2%<\/li>\n\n\n\n<li>Relacionado com security: 1,2%<\/li>\n<\/ul>\n\n\n\n<p>De acordo com o balan\u00e7o,&nbsp;todos os incidentes a\u00e9reos registrados neste ano foram causados por colis\u00f5es com aves.<\/p>\n\n\n\n<p>Conforme o painel, os acidentes aeron\u00e1uticos analisados na pesquisa foram categorizados de acordo com as fases do voo em que ocorreram, revelando que a etapa de pouso concentrou a maioria dos registros.<\/p>\n\n\n\n<p>Em agosto deste ano, um avi\u00e3o bimotor King Air caiu na zona rural de&nbsp;<a class=\"\" href=\"https:\/\/g1.globo.com\/mt\/mato-grosso\/cidade\/apiacas\/\">Apiac\u00e1s<\/a>, a 1.005 km de Cuiab\u00e1 e&nbsp;<a class=\"\" href=\"https:\/\/g1.globo.com\/mt\/mato-grosso\/noticia\/2024\/08\/15\/aviao-cai-na-zona-rural-de-municipio-em-mt.ghtml\"><strong>deixou cinco pessoas mortas<\/strong><\/a>. As v\u00edtimas foram o empres\u00e1rio Arni Alberto Spiering, 70 anos, os netos dele, Jo\u00e3o Marcos Trojan Spiering e Arni Alberto Spiering Benez, o gerente comercial Ademar de Oliveira de J\u00fanior e o piloto Helder de Souza, de 44 anos.<\/p>\n\n\n\n<p>Arni estava hospedado com os netos e o funcioin\u00e1rio na Pousada Amaz\u00f4nia Fishing Lodge, que fica na divisa de Mato Grosso com o Par\u00e1, onde praticavam pesca esportiva. O grupo saiu do local para voltar para casa, quando ocorreu o acidente.<\/p>\n\n\n\n<p>H\u00e1 dois meses,<a class=\"\" href=\"https:\/\/g1.globo.com\/mt\/mato-grosso\/noticia\/2024\/09\/26\/aviao-de-pequeno-porte-cai-em-regiao-de-mata-em-cuiaba.ghtml\">&nbsp;um avi\u00e3o de pequeno porte caiu no assentamento 21 de abril<\/a>, pr\u00f3ximo ao bairro Pedra 90, em Cuiab\u00e1. Segundo o Centro Integrado de Opera\u00e7\u00f5es A\u00e9reas (Ciopaer) de Mato Grosso, na aeronave estavam o piloto e tr\u00eas passageiros.&nbsp;<a class=\"\" href=\"https:\/\/g1.globo.com\/mt\/mato-grosso\/noticia\/2024\/09\/27\/saiba-quem-sao-4-sobreviventes-de-aviao-de-pequeno-porte-que-caiu-em-regiao-de-mata-em-cuiaba.ghtml\">Todos sobreviveram<\/a>.<\/p>\n\n\n\n<p>O Corpo de Bombeiros prestou socorro \u00e0s v\u00edtimas. Ao chegar ao local, a equipe identificou que todos da aeronave estavam conscientes, com sinais vitais est\u00e1veis e sem ferimentos graves.<\/p>\n\n\n\n<p>J\u00e1 h\u00e1 duas semanas,<a class=\"\" href=\"https:\/\/g1.globo.com\/mt\/mato-grosso\/noticia\/2024\/12\/12\/piloto-morre-carbonizado-apos-queda-de-aviao-agricola-no-1-dia-de-trabalho-em-mt.ghtml\">&nbsp;um piloto foi encontrado morto dentro de um avi\u00e3o agr\u00edcola&nbsp;<\/a>que caiu em uma fazenda de&nbsp;<a class=\"\" href=\"https:\/\/g1.globo.com\/mt\/mato-grosso\/cidade\/nova-monte-verde\/\">Nova Monte Verde<\/a>, a 920 km de Cuiab\u00e1. Cl\u00e1udio de Souza Braga, de 40 anos, estava no primeiro dia de trabalho, conforme o relato de amigos e da dona da empresa que estava no local \u00e0 Pol\u00edcia Militar. Ap\u00f3s a queda, a aeronave pegou fogo e ficou destru\u00edda no local.<\/p>\n\n\n\n<p>Aos militares, testemunhas contaram que Cl\u00e1udio estava na cidade em per\u00edodo de treinamento. No dia da queda, ele fazia seu primeiro voo com a empresa. A pol\u00edcia informou que as documenta\u00e7\u00f5es da v\u00edtima e o contrato de trabalho foram queimados no acidente.<\/p>\n\n\n\n<p>G1-MT<\/p>\n","protected":false},"excerpt":{"rendered":"<p>Mato Grosso registrou 79 acidentes e incidentes a\u00e9reos neste ano, segundo o Painel de Sistema de Investiga\u00e7\u00e3o e Preven\u00e7\u00e3o de Acidentes Aeron\u00e1uticos (Sipaer). Entre os registros, 41 foram classificados como incidentes, 28 como acidentes e 10 como incidentes graves. Desde janeiro,&nbsp;19 pessoas morreram, entre pilotos e tripulantes&nbsp;(relembre algumas trag\u00e9dias abaixo). Conforme o levantamento, 13 pessoas [&hellip;]<\/p>\n","protected":false},"author":2,"featured_media":6708,"comment_status":"closed","ping_status":"closed","sticky":false,"template":"","format":"standard","meta":{"_monsterinsights_skip_tracking":false,"_monsterinsights_sitenote_active":false,"_monsterinsights_sitenote_note":"","_monsterinsights_sitenote_category":0,"footnotes":""},"categories":[1],"tags":[],"_links":{"self":[{"href":"https:\/\/nazarenonews.com.br\/index.php\/wp-json\/wp\/v2\/posts\/6688"}],"collection":[{"href":"https:\/\/nazarenonews.com.br\/index.php\/wp-json\/wp\/v2\/posts"}],"about":[{"href":"https:\/\/nazarenonews.com.br\/index.php\/wp-json\/wp\/v2\/types\/post"}],"author":[{"embeddable":true,"href":"https:\/\/nazarenonews.com.br\/index.php\/wp-json\/wp\/v2\/users\/2"}],"replies":[{"embeddable":true,"href":"https:\/\/nazarenonews.com.br\/index.php\/wp-json\/wp\/v2\/comments?post=6688"}],"version-history":[{"count":1,"href":"https:\/\/nazarenonews.com.br\/index.php\/wp-json\/wp\/v2\/posts\/6688\/revisions"}],"predecessor-version":[{"id":6690,"href":"https:\/\/nazarenonews.com.br\/index.php\/wp-json\/wp\/v2\/posts\/6688\/revisions\/6690"}],"wp:featuredmedia":[{"embeddable":true,"href":"https:\/\/nazarenonews.com.br\/index.php\/wp-json\/wp\/v2\/media\/6708"}],"wp:attachment":[{"href":"https:\/\/nazarenonews.com.br\/index.php\/wp-json\/wp\/v2\/media?parent=6688"}],"wp:term":[{"taxonomy":"category","embeddable":true,"href":"https:\/\/nazarenonews.com.br\/index.php\/wp-json\/wp\/v2\/categories?post=6688"},{"taxonomy":"post_tag","embeddable":true,"href":"https:\/\/nazarenonews.com.br\/index.php\/wp-json\/wp\/v2\/tags?post=6688"}],"curies":[{"name":"wp","href":"https:\/\/api.w.org\/{rel}","templated":true}]}}