{"id":6311,"date":"2024-12-20T07:46:19","date_gmt":"2024-12-20T11:46:19","guid":{"rendered":"https:\/\/nazarenonews.com.br\/?p=6311"},"modified":"2024-12-20T09:14:31","modified_gmt":"2024-12-20T13:14:31","slug":"idosa-leva-coroa-de-flores-a-casa-de-lula-e-acaba-presa","status":"publish","type":"post","link":"https:\/\/nazarenonews.com.br\/index.php\/2024\/12\/20\/idosa-leva-coroa-de-flores-a-casa-de-lula-e-acaba-presa\/","title":{"rendered":"Idosa leva coroa de flores \u00e0 casa de Lula e acaba presa"},"content":{"rendered":"\n<p>Uma idosa de 77 anos foi detida na tarde desta quarta-feira (18) ap\u00f3s proferir ofensas racistas contra um agente da Pol\u00edcia Federal (PF) em frente \u00e0 resid\u00eancia do presidente Luiz In\u00e1cio Lula da Silva (PT), localizada no bairro Alto de Pinheiros, na Zona Oeste de S\u00e3o Paulo. O incidente ocorreu quando a mulher tentou deixar uma coroa de flores no local.<\/p>\n\n\n\n<p>De acordo com informa\u00e7\u00f5es da PF, a mulher chegou \u00e0 casa do presidente por volta das 17h30, dirigindo um carro que exibia imagens do ministro Alexandre de Moraes, do Supremo Tribunal Federal (STF), retratado com caracter\u00edsticas demon\u00edacas. Ap\u00f3s ser impedida de depositar a coroa de flores, ela retornou ao ve\u00edculo, momento em que chamou um dos policiais de &#8220;macaco&#8221;. A inj\u00faria racial levou \u00e0 sua deten\u00e7\u00e3o imediata.<\/p>\n\n\n\n<p>Folha do estado <\/p>\n","protected":false},"excerpt":{"rendered":"<p>Uma idosa de 77 anos foi detida na tarde desta quarta-feira (18) ap\u00f3s proferir ofensas racistas contra um agente da Pol\u00edcia Federal (PF) em frente \u00e0 resid\u00eancia do presidente Luiz In\u00e1cio Lula da Silva (PT), localizada no bairro Alto de Pinheiros, na Zona Oeste de S\u00e3o Paulo. O incidente ocorreu quando a mulher tentou deixar [&hellip;]<\/p>\n","protected":false},"author":2,"featured_media":6340,"comment_status":"closed","ping_status":"closed","sticky":false,"template":"","format":"standard","meta":{"_monsterinsights_skip_tracking":false,"_monsterinsights_sitenote_active":false,"_monsterinsights_sitenote_note":"","_monsterinsights_sitenote_category":0,"footnotes":""},"categories":[37,1,48],"tags":[],"_links":{"self":[{"href":"https:\/\/nazarenonews.com.br\/index.php\/wp-json\/wp\/v2\/posts\/6311"}],"collection":[{"href":"https:\/\/nazarenonews.com.br\/index.php\/wp-json\/wp\/v2\/posts"}],"about":[{"href":"https:\/\/nazarenonews.com.br\/index.php\/wp-json\/wp\/v2\/types\/post"}],"author":[{"embeddable":true,"href":"https:\/\/nazarenonews.com.br\/index.php\/wp-json\/wp\/v2\/users\/2"}],"replies":[{"embeddable":true,"href":"https:\/\/nazarenonews.com.br\/index.php\/wp-json\/wp\/v2\/comments?post=6311"}],"version-history":[{"count":1,"href":"https:\/\/nazarenonews.com.br\/index.php\/wp-json\/wp\/v2\/posts\/6311\/revisions"}],"predecessor-version":[{"id":6313,"href":"https:\/\/nazarenonews.com.br\/index.php\/wp-json\/wp\/v2\/posts\/6311\/revisions\/6313"}],"wp:featuredmedia":[{"embeddable":true,"href":"https:\/\/nazarenonews.com.br\/index.php\/wp-json\/wp\/v2\/media\/6340"}],"wp:attachment":[{"href":"https:\/\/nazarenonews.com.br\/index.php\/wp-json\/wp\/v2\/media?parent=6311"}],"wp:term":[{"taxonomy":"category","embeddable":true,"href":"https:\/\/nazarenonews.com.br\/index.php\/wp-json\/wp\/v2\/categories?post=6311"},{"taxonomy":"post_tag","embeddable":true,"href":"https:\/\/nazarenonews.com.br\/index.php\/wp-json\/wp\/v2\/tags?post=6311"}],"curies":[{"name":"wp","href":"https:\/\/api.w.org\/{rel}","templated":true}]}}