{"id":6308,"date":"2024-12-20T07:42:31","date_gmt":"2024-12-20T11:42:31","guid":{"rendered":"https:\/\/nazarenonews.com.br\/?p=6308"},"modified":"2024-12-20T09:12:43","modified_gmt":"2024-12-20T13:12:43","slug":"jovem-foi-morto-por-fazer-gesto-de-faccao-sem-saber","status":"publish","type":"post","link":"https:\/\/nazarenonews.com.br\/index.php\/2024\/12\/20\/jovem-foi-morto-por-fazer-gesto-de-faccao-sem-saber\/","title":{"rendered":"Jovem foi morto por fazer gesto de fac\u00e7\u00e3o sem saber"},"content":{"rendered":"\n<p>O pai do adolescente de 16 anos encontrado morto em Jericoacoara (CE) acredita que o filho foi assassinado por posar para fotos fazendo um gesto de fac\u00e7\u00e3o criminosa com as m\u00e3os, sem saber.<\/p>\n\n\n\n<p>Henrique Marquez de Jesus era de Bertioga, litoral de S\u00e3o Paulo, mas estava em uma viagem de f\u00e9rias com o pai. Ele desapareceu na noite da \u00faltima segunda-feira (16) e seu corpo foi encontrado boiando na Lagoa do Para\u00edso, a cerca de 18 quil\u00f4metros do \u00faltimo local onde foi visto.<\/p>\n\n\n\n<p>O n\u00famero \u201ctr\u00eas\u201d que o jovem fez com as m\u00e3os em fotos est\u00e1 associado a uma fac\u00e7\u00e3o aliada ao Primeiro Comando da Capital (PCC), enquanto o n\u00famero \u201cdois\u201d \u00e9 ligado ao Comando Vermelho.<\/p>\n\n\n\n<p>\u2013 O moleque tinha 16 anos. Deveriam ter orientado: \u201cAqui n\u00e3o pode fazer esse s\u00edmbolo, \u00e9 de outra fac\u00e7\u00e3o\u201d \u2013 falado isso para ele ou qualquer outra pessoa que n\u00e3o tem ci\u00eancia. N\u00e3o fazer uma crueldade dessas, achando que um moleque de 16 anos era envolvido com fac\u00e7\u00e3o \u2013 declarou o pai, Danilo Martins, \u00e0 TV Verdes Mares, afiliada da Globo.<\/p>\n\n\n\n<p>Danilo afirma que o gesto \u00e9 \u201cnormal\u201d em Bertioga, cidade onde moram, n\u00e3o tendo nenhuma liga\u00e7\u00e3o com fac\u00e7\u00f5es.<\/p>\n\n\n\n<p>A teoria do pai, no entanto, ainda n\u00e3o foi confirmada pela pol\u00edcia. Inicialmente, o caso era tratado como \u201cdesaparecimento de pessoa\u201d. No entanto, agora a Pol\u00edcia Civil investiga a hip\u00f3tese de sequestro e morte.<\/p>\n\n\n\n<p>Folha do estado <\/p>\n","protected":false},"excerpt":{"rendered":"<p>O pai do adolescente de 16 anos encontrado morto em Jericoacoara (CE) acredita que o filho foi assassinado por posar para fotos fazendo um gesto de fac\u00e7\u00e3o criminosa com as m\u00e3os, sem saber. Henrique Marquez de Jesus era de Bertioga, litoral de S\u00e3o Paulo, mas estava em uma viagem de f\u00e9rias com o pai. Ele [&hellip;]<\/p>\n","protected":false},"author":2,"featured_media":6339,"comment_status":"closed","ping_status":"closed","sticky":false,"template":"","format":"standard","meta":{"_monsterinsights_skip_tracking":false,"_monsterinsights_sitenote_active":false,"_monsterinsights_sitenote_note":"","_monsterinsights_sitenote_category":0,"footnotes":""},"categories":[1],"tags":[],"_links":{"self":[{"href":"https:\/\/nazarenonews.com.br\/index.php\/wp-json\/wp\/v2\/posts\/6308"}],"collection":[{"href":"https:\/\/nazarenonews.com.br\/index.php\/wp-json\/wp\/v2\/posts"}],"about":[{"href":"https:\/\/nazarenonews.com.br\/index.php\/wp-json\/wp\/v2\/types\/post"}],"author":[{"embeddable":true,"href":"https:\/\/nazarenonews.com.br\/index.php\/wp-json\/wp\/v2\/users\/2"}],"replies":[{"embeddable":true,"href":"https:\/\/nazarenonews.com.br\/index.php\/wp-json\/wp\/v2\/comments?post=6308"}],"version-history":[{"count":1,"href":"https:\/\/nazarenonews.com.br\/index.php\/wp-json\/wp\/v2\/posts\/6308\/revisions"}],"predecessor-version":[{"id":6310,"href":"https:\/\/nazarenonews.com.br\/index.php\/wp-json\/wp\/v2\/posts\/6308\/revisions\/6310"}],"wp:featuredmedia":[{"embeddable":true,"href":"https:\/\/nazarenonews.com.br\/index.php\/wp-json\/wp\/v2\/media\/6339"}],"wp:attachment":[{"href":"https:\/\/nazarenonews.com.br\/index.php\/wp-json\/wp\/v2\/media?parent=6308"}],"wp:term":[{"taxonomy":"category","embeddable":true,"href":"https:\/\/nazarenonews.com.br\/index.php\/wp-json\/wp\/v2\/categories?post=6308"},{"taxonomy":"post_tag","embeddable":true,"href":"https:\/\/nazarenonews.com.br\/index.php\/wp-json\/wp\/v2\/tags?post=6308"}],"curies":[{"name":"wp","href":"https:\/\/api.w.org\/{rel}","templated":true}]}}