{"id":6305,"date":"2024-12-20T07:40:47","date_gmt":"2024-12-20T11:40:47","guid":{"rendered":"https:\/\/nazarenonews.com.br\/?p=6305"},"modified":"2024-12-20T09:10:49","modified_gmt":"2024-12-20T13:10:49","slug":"quatro-deputados-de-mt-votaram-contra-aprovacao-da-pec-do-pacote-fiscal-do-governo-lula","status":"publish","type":"post","link":"https:\/\/nazarenonews.com.br\/index.php\/2024\/12\/20\/quatro-deputados-de-mt-votaram-contra-aprovacao-da-pec-do-pacote-fiscal-do-governo-lula\/","title":{"rendered":"Quatro deputados de MT votaram contra aprova\u00e7\u00e3o da PEC do pacote fiscal do governo Lula"},"content":{"rendered":"\n<p>A C\u00e2mara dos Deputados aprovou nessa quinta-feira (19) o texto-base da Proposta de Emenda \u00e0 Constitui\u00e7\u00e3o (PEC) que integra o pacote fiscal do governo Lula da Silva (PT). Quatro deputados federais de Mato Grosso votaram contra contra a proposta, dois votaram a favor e dois n\u00e3o votaram.<\/p>\n\n\n\n<p>Os deputados Coronel Assis (Uni\u00e3o), Coronel Fernanda (PL), Gisela Simona (Uni\u00e3o) e Jos\u00e9 Medeiros (PL) foram contr\u00e1rios ao projeto. J\u00e1 Juarez Costa (MDB) e Emanuel Pinheiro Neto (MDB) votaram a favor. Nelson Barbudo (PL) e Abilio Brunini (PL) n\u00e3o participaram da vota\u00e7\u00e3o.<\/p>\n\n\n\n<p>Ao todo, a PEC recebeu 344 votos favor\u00e1veis e 154 contra no 1\u00ba turno da vota\u00e7\u00e3o, e 348 a favor e 146 contra na 2\u00aa vota\u00e7\u00e3o. A vota\u00e7\u00e3o da bancada mato-grossense foi a mesma nos dois turnos.<\/p>\n\n\n\n<p>Dentre as medidas do texto aprovado, que visam diminuir a despesa obrigat\u00f3ria do Governo Federal, est\u00e1 a redu\u00e7\u00e3o gradativa do p\u00fablico-alvo do abono do PIS\/Pasep, a prorroga\u00e7\u00e3o da Desvincula\u00e7\u00e3o de Receitas da Uni\u00e3o (DRU) e a proibi\u00e7\u00e3o de vincular receitas e despesas em patamares acima dos limites do arcabou\u00e7o fiscal.<\/p>\n\n\n\n<p>O objetivo principal \u00e9 controlar o crescimento de despesas obrigat\u00f3rias, como pessoal e programas sociais, a fim de sobrar espa\u00e7o para as despesas discricion\u00e1rias, as quais o governo pode optar por realizar ou n\u00e3o.<\/p>\n\n\n\n<p>O texto aprovado foi apresentado pelo relator deputado federal Moses Rodrigues (Uni\u00e3o-CE) e, ap\u00f3s a vota\u00e7\u00e3o de um destaque que pode alterar o conte\u00fado, seguir\u00e1 para o Senado, que marcou uma sess\u00e3o ainda nesta quinta-feira (19) para apreciar o pacote.<\/p>\n\n\n\n<p>Rep\u00f3rter MT<\/p>\n","protected":false},"excerpt":{"rendered":"<p>A C\u00e2mara dos Deputados aprovou nessa quinta-feira (19) o texto-base da Proposta de Emenda \u00e0 Constitui\u00e7\u00e3o (PEC) que integra o pacote fiscal do governo Lula da Silva (PT). Quatro deputados federais de Mato Grosso votaram contra contra a proposta, dois votaram a favor e dois n\u00e3o votaram. Os deputados Coronel Assis (Uni\u00e3o), Coronel Fernanda (PL), [&hellip;]<\/p>\n","protected":false},"author":2,"featured_media":6338,"comment_status":"closed","ping_status":"closed","sticky":false,"template":"","format":"standard","meta":{"_monsterinsights_skip_tracking":false,"_monsterinsights_sitenote_active":false,"_monsterinsights_sitenote_note":"","_monsterinsights_sitenote_category":0,"footnotes":""},"categories":[50,1,48],"tags":[],"_links":{"self":[{"href":"https:\/\/nazarenonews.com.br\/index.php\/wp-json\/wp\/v2\/posts\/6305"}],"collection":[{"href":"https:\/\/nazarenonews.com.br\/index.php\/wp-json\/wp\/v2\/posts"}],"about":[{"href":"https:\/\/nazarenonews.com.br\/index.php\/wp-json\/wp\/v2\/types\/post"}],"author":[{"embeddable":true,"href":"https:\/\/nazarenonews.com.br\/index.php\/wp-json\/wp\/v2\/users\/2"}],"replies":[{"embeddable":true,"href":"https:\/\/nazarenonews.com.br\/index.php\/wp-json\/wp\/v2\/comments?post=6305"}],"version-history":[{"count":1,"href":"https:\/\/nazarenonews.com.br\/index.php\/wp-json\/wp\/v2\/posts\/6305\/revisions"}],"predecessor-version":[{"id":6307,"href":"https:\/\/nazarenonews.com.br\/index.php\/wp-json\/wp\/v2\/posts\/6305\/revisions\/6307"}],"wp:featuredmedia":[{"embeddable":true,"href":"https:\/\/nazarenonews.com.br\/index.php\/wp-json\/wp\/v2\/media\/6338"}],"wp:attachment":[{"href":"https:\/\/nazarenonews.com.br\/index.php\/wp-json\/wp\/v2\/media?parent=6305"}],"wp:term":[{"taxonomy":"category","embeddable":true,"href":"https:\/\/nazarenonews.com.br\/index.php\/wp-json\/wp\/v2\/categories?post=6305"},{"taxonomy":"post_tag","embeddable":true,"href":"https:\/\/nazarenonews.com.br\/index.php\/wp-json\/wp\/v2\/tags?post=6305"}],"curies":[{"name":"wp","href":"https:\/\/api.w.org\/{rel}","templated":true}]}}