{"id":6302,"date":"2024-12-20T07:38:42","date_gmt":"2024-12-20T11:38:42","guid":{"rendered":"https:\/\/nazarenonews.com.br\/?p=6302"},"modified":"2024-12-20T08:36:04","modified_gmt":"2024-12-20T12:36:04","slug":"policia-federal-faz-buscas-e-apreensoes-em-investigacao-sobre-venda-de-sentencas-em-mt","status":"publish","type":"post","link":"https:\/\/nazarenonews.com.br\/index.php\/2024\/12\/20\/policia-federal-faz-buscas-e-apreensoes-em-investigacao-sobre-venda-de-sentencas-em-mt\/","title":{"rendered":"Pol\u00edcia Federal faz buscas e apreens\u00f5es em investiga\u00e7\u00e3o sobre venda de senten\u00e7as em MT"},"content":{"rendered":"\n<p>A&nbsp;<a class=\"\" href=\"https:\/\/g1.globo.com\/tudo-sobre\/policia-federal\/\">Pol\u00edcia Federal<\/a>&nbsp;deflagrou na manh\u00e3 desta sexta-feira (20) uma opera\u00e7\u00e3o sobre&nbsp;<a class=\"\" href=\"https:\/\/g1.globo.com\/mt\/mato-grosso\/noticia\/2024\/11\/26\/pf-cumpre-mandados-de-buscas-contra-desembargadores-em-mt.ghtml\">esquema de venda de senten\u00e7as<\/a>&nbsp;na Justi\u00e7a em Mato Grosso.<\/p>\n\n\n\n<p>Segundo apura\u00e7\u00e3o da\u00a0<strong>TV Globo<\/strong>, os agentes foram \u00e0s ruas cumprir mandados de busca e apreens\u00e3o em endere\u00e7os ligados a um desembargador, investigado no caso.<\/p>\n\n\n\n<p>A a\u00e7\u00e3o foi autorizada pelo ministro Cristiano Zanin, do Supremo Tribunal Federal (<a class=\"\" href=\"https:\/\/g1.globo.com\/tudo-sobre\/supremo-tribunal-federal\/\">STF<\/a>).<\/p>\n\n\n\n<p>At\u00e9 a \u00faltima atualiza\u00e7\u00e3o desta reportagem, a PF n\u00e3o havia divulgado oficialmente quem s\u00e3o os alvos.<\/p>\n\n\n\n<h2 class=\"wp-block-heading\">Venda de senten\u00e7as em MT<\/h2>\n\n\n\n<p>Em agosto, os desembargadores Sebasti\u00e3o de Moraes Filho e Jo\u00e3o Ferreira Filho<a class=\"\" href=\"https:\/\/g1.globo.com\/mt\/mato-grosso\/noticia\/2024\/08\/01\/dois-desembargadores-sao-afastados-por-suspeita-de-venda-de-decisoes-judiciais-em-mt.ghtml\">\u00a0foram afastados das fun\u00e7\u00f5es\u00a0<\/a>no Tribunal de Justi\u00e7a do Estado de Mato Grosso (TJMT),<strong>\u00a0por suspeita de envolvimento em vendas de decis\u00f5es judiciais.<\/strong><\/p>\n\n\n\n<p>Em 26 de novembro, a PF cumpriu mandados de busca e apreens\u00e3o nas casas dos dois desembargadores, durante a\u00a0<a class=\"\" href=\"https:\/\/g1.globo.com\/mt\/mato-grosso\/noticia\/2024\/11\/26\/pf-cumpre-mandados-de-buscas-contra-desembargadores-em-mt.ghtml\">Opera\u00e7\u00e3o Sisamnes, em Cuiab\u00e1.<\/a>\u00a0A PF tamb\u00e9m prendeu o lobista Andreson Gon\u00e7alves, apontado como intermedi\u00e1rio das vendas.<\/p>\n\n\n\n<p>Segundo a pol\u00edcia, a opera\u00e7\u00e3o investiga os crimes de&nbsp;<strong>organiza\u00e7\u00e3o criminosa, corrup\u00e7\u00e3o, explora\u00e7\u00e3o de prest\u00edgio e vazamento de informa\u00e7\u00f5es sigilosas.<\/strong><\/p>\n\n\n\n<p>Desde ent\u00e3o, os dois magistrados est\u00e3o sendo monitorados por tornozeleira eletr\u00f4nica, informou a PF. Eles tamb\u00e9m tiveram os passaportes apreendidos, al\u00e9m de bloqueio de bens e valores.<\/p>\n\n\n\n<p>Em nota, o Tribunal de Justi\u00e7a de Mato Grosso (TJMT) informou que est\u00e1 ciente do caso e se colocou \u00e0 disposi\u00e7\u00e3o para o fornecimento de informa\u00e7\u00f5es necess\u00e1rias ao andamento das investiga\u00e7\u00f5es.<\/p>\n\n\n\n<h2 class=\"wp-block-heading\">Investiga\u00e7\u00f5es<\/h2>\n\n\n\n<p>As investiga\u00e7\u00f5es come\u00e7aram quando o Conselho Nacional de Justi\u00e7a (CNJ) descobriu que os dois desembargadores mantinham uma amizade com&nbsp;<a class=\"\" href=\"https:\/\/g1.globo.com\/mt\/mato-grosso\/noticia\/2023\/12\/06\/advogado-e-morto-a-tiros-dentro-de-carro-na-frente-de-escritorio-em-mt-video.ghtml\"><strong>o advogado Roberto Zampieri, morto em dezembro do ano passado<\/strong><\/a>, e&nbsp;recebiam vantagens financeiras para julgarem recursos de acordo com os interesses do advogado.<\/p>\n\n\n\n<p>O grupo pedia dinheiro para beneficiar partes de processos judiciais ilegalmente. Em seguida, emitia decis\u00f5es favor\u00e1veis a esses &#8220;clientes&#8221;, ainda conforme investiga\u00e7\u00f5es.<\/p>\n\n\n\n<p>A&nbsp;<a class=\"\" href=\"https:\/\/g1.globo.com\/tudo-sobre\/policia-federal\/\">Pol\u00edcia Federal<\/a>&nbsp;tamb\u00e9m investiga negocia\u00e7\u00f5es ligadas ao vazamento de informa\u00e7\u00f5es sigilosas, incluindo detalhes de opera\u00e7\u00f5es policiais.<\/p>\n\n\n\n<h2 class=\"wp-block-heading\">Caso Zampieri<\/h2>\n\n\n\n<p>O advogado Roberto Zampieri foi<a class=\"\" href=\"https:\/\/g1.globo.com\/mt\/mato-grosso\/noticia\/2023\/12\/06\/advogado-morto-em-frente-a-escritorio-cuiaba-mt.ghtml\"><strong>\u00a0morto com 10 tiros dentro do pr\u00f3prio carro em frente ao escrit\u00f3rio.\u00a0<\/strong><\/a>Ele foi surpreendido por um homem de bon\u00e9, que disparou pelo vidro do passageiro, e fugiu em seguida. Segundo a Pol\u00edcia Militar, o advogado sa\u00eda do escrit\u00f3rio que trabalhava quando o crime aconteceu.<\/p>\n\n\n\n<p>O delegado da Pol\u00edcia Civil, Nilson Farias, disse que o atirador aguardava o advogado na frente do escrit\u00f3rio e que a v\u00edtima tinha um ve\u00edculo blindado h\u00e1 mais de 5 anos.<\/p>\n\n\n\n<p>Conforme as investiga\u00e7\u00f5es, foi verificado que existe uma demanda de duas fazendas em Paranatinga, a 411 km de Cuiab\u00e1, avaliadas em cerca de R$ 100 milh\u00f5es, e que a perda dessas propriedades na Justi\u00e7a teria levado An\u00edbal a mandar matar o advogado. Al\u00e9m disso,\u00a0o mandante desconfiava de uma suposta aproxima\u00e7\u00e3o de Zampieri com o desembargador do caso.<\/p>\n\n\n\n<p>G1-MT<\/p>\n","protected":false},"excerpt":{"rendered":"<p>A&nbsp;Pol\u00edcia Federal&nbsp;deflagrou na manh\u00e3 desta sexta-feira (20) uma opera\u00e7\u00e3o sobre&nbsp;esquema de venda de senten\u00e7as&nbsp;na Justi\u00e7a em Mato Grosso. Segundo apura\u00e7\u00e3o da\u00a0TV Globo, os agentes foram \u00e0s ruas cumprir mandados de busca e apreens\u00e3o em endere\u00e7os ligados a um desembargador, investigado no caso. A a\u00e7\u00e3o foi autorizada pelo ministro Cristiano Zanin, do Supremo Tribunal Federal (STF). [&hellip;]<\/p>\n","protected":false},"author":2,"featured_media":6337,"comment_status":"closed","ping_status":"closed","sticky":false,"template":"","format":"standard","meta":{"_monsterinsights_skip_tracking":false,"_monsterinsights_sitenote_active":false,"_monsterinsights_sitenote_note":"","_monsterinsights_sitenote_category":0,"footnotes":""},"categories":[1],"tags":[],"_links":{"self":[{"href":"https:\/\/nazarenonews.com.br\/index.php\/wp-json\/wp\/v2\/posts\/6302"}],"collection":[{"href":"https:\/\/nazarenonews.com.br\/index.php\/wp-json\/wp\/v2\/posts"}],"about":[{"href":"https:\/\/nazarenonews.com.br\/index.php\/wp-json\/wp\/v2\/types\/post"}],"author":[{"embeddable":true,"href":"https:\/\/nazarenonews.com.br\/index.php\/wp-json\/wp\/v2\/users\/2"}],"replies":[{"embeddable":true,"href":"https:\/\/nazarenonews.com.br\/index.php\/wp-json\/wp\/v2\/comments?post=6302"}],"version-history":[{"count":1,"href":"https:\/\/nazarenonews.com.br\/index.php\/wp-json\/wp\/v2\/posts\/6302\/revisions"}],"predecessor-version":[{"id":6304,"href":"https:\/\/nazarenonews.com.br\/index.php\/wp-json\/wp\/v2\/posts\/6302\/revisions\/6304"}],"wp:featuredmedia":[{"embeddable":true,"href":"https:\/\/nazarenonews.com.br\/index.php\/wp-json\/wp\/v2\/media\/6337"}],"wp:attachment":[{"href":"https:\/\/nazarenonews.com.br\/index.php\/wp-json\/wp\/v2\/media?parent=6302"}],"wp:term":[{"taxonomy":"category","embeddable":true,"href":"https:\/\/nazarenonews.com.br\/index.php\/wp-json\/wp\/v2\/categories?post=6302"},{"taxonomy":"post_tag","embeddable":true,"href":"https:\/\/nazarenonews.com.br\/index.php\/wp-json\/wp\/v2\/tags?post=6302"}],"curies":[{"name":"wp","href":"https:\/\/api.w.org\/{rel}","templated":true}]}}