{"id":6297,"date":"2024-12-20T07:29:41","date_gmt":"2024-12-20T11:29:41","guid":{"rendered":"https:\/\/nazarenonews.com.br\/?p=6297"},"modified":"2024-12-20T07:29:41","modified_gmt":"2024-12-20T11:29:41","slug":"bandido-saca-arma-para-a-pm-e-morre-baleado","status":"publish","type":"post","link":"https:\/\/nazarenonews.com.br\/index.php\/2024\/12\/20\/bandido-saca-arma-para-a-pm-e-morre-baleado\/","title":{"rendered":"Bandido saca arma para a PM e morre baleado"},"content":{"rendered":"\n<p>Riquelme Gomes Pereira, 18 anos, morreu em confronto com a Pol\u00edcia Militar nessa quarta-feira (18), em Primavera do Leste.<\/p>\n\n\n\n<p>A pol\u00edcia foi acionada com a informa\u00e7\u00e3o de que um criminoso monitorado por tornozeleira eletr\u00f4nica, envolvido com v\u00e1rios crimes e ligado a uma fac\u00e7\u00e3o, estaria vendendo drogas em uma resid\u00eancia no bairro Jardim Luciana.<\/p>\n\n\n\n<p>Ao chegar no endere\u00e7o, o boletim narra que o port\u00e3o e a porta da casa estavam abertos, de modo que os policiais entraram no local, encontraram o bandido e deram voz de pris\u00e3o.<\/p>\n\n\n\n<p>Neste momento, ele sacou uma arma de fogo, o que levou a guarni\u00e7\u00e3o a efetuar um disparo que atingiu o criminoso. A equipe do Servi\u00e7o de Atendimento M\u00f3vel de Urg\u00eancia (Samu) foi acionada, mas constatou o \u00f3bito no local.<\/p>\n\n\n\n<p>No local, foram apreendidos um rev\u00f3lver calibre .357, muni\u00e7\u00f5es, por\u00e7\u00f5es de drogas e outros materiais.<\/p>\n\n\n\n<p>Na casa foi apreendida uma menor, de 16 anos, que admitiu envolvimento nas atividades criminosas. Ela foi encaminhada \u00e0 delegacia, enquanto a cena do crime foi periciada pela Politec. A pol\u00edcia segue investigando o caso.<\/p>\n\n\n\n<p>Rep\u00f3rter MT<\/p>\n","protected":false},"excerpt":{"rendered":"<p>Riquelme Gomes Pereira, 18 anos, morreu em confronto com a Pol\u00edcia Militar nessa quarta-feira (18), em Primavera do Leste. A pol\u00edcia foi acionada com a informa\u00e7\u00e3o de que um criminoso monitorado por tornozeleira eletr\u00f4nica, envolvido com v\u00e1rios crimes e ligado a uma fac\u00e7\u00e3o, estaria vendendo drogas em uma resid\u00eancia no bairro Jardim Luciana. Ao chegar [&hellip;]<\/p>\n","protected":false},"author":2,"featured_media":5498,"comment_status":"closed","ping_status":"closed","sticky":false,"template":"","format":"standard","meta":{"_monsterinsights_skip_tracking":false,"_monsterinsights_sitenote_active":false,"_monsterinsights_sitenote_note":"","_monsterinsights_sitenote_category":0,"footnotes":""},"categories":[1],"tags":[],"_links":{"self":[{"href":"https:\/\/nazarenonews.com.br\/index.php\/wp-json\/wp\/v2\/posts\/6297"}],"collection":[{"href":"https:\/\/nazarenonews.com.br\/index.php\/wp-json\/wp\/v2\/posts"}],"about":[{"href":"https:\/\/nazarenonews.com.br\/index.php\/wp-json\/wp\/v2\/types\/post"}],"author":[{"embeddable":true,"href":"https:\/\/nazarenonews.com.br\/index.php\/wp-json\/wp\/v2\/users\/2"}],"replies":[{"embeddable":true,"href":"https:\/\/nazarenonews.com.br\/index.php\/wp-json\/wp\/v2\/comments?post=6297"}],"version-history":[{"count":1,"href":"https:\/\/nazarenonews.com.br\/index.php\/wp-json\/wp\/v2\/posts\/6297\/revisions"}],"predecessor-version":[{"id":6298,"href":"https:\/\/nazarenonews.com.br\/index.php\/wp-json\/wp\/v2\/posts\/6297\/revisions\/6298"}],"wp:featuredmedia":[{"embeddable":true,"href":"https:\/\/nazarenonews.com.br\/index.php\/wp-json\/wp\/v2\/media\/5498"}],"wp:attachment":[{"href":"https:\/\/nazarenonews.com.br\/index.php\/wp-json\/wp\/v2\/media?parent=6297"}],"wp:term":[{"taxonomy":"category","embeddable":true,"href":"https:\/\/nazarenonews.com.br\/index.php\/wp-json\/wp\/v2\/categories?post=6297"},{"taxonomy":"post_tag","embeddable":true,"href":"https:\/\/nazarenonews.com.br\/index.php\/wp-json\/wp\/v2\/tags?post=6297"}],"curies":[{"name":"wp","href":"https:\/\/api.w.org\/{rel}","templated":true}]}}