{"id":6268,"date":"2024-12-19T17:12:45","date_gmt":"2024-12-19T21:12:45","guid":{"rendered":"https:\/\/nazarenonews.com.br\/?p=6268"},"modified":"2024-12-19T19:46:50","modified_gmt":"2024-12-19T23:46:50","slug":"justica-concede-isencao-parcial-de-pedagio-para-moradores-de-cidade-no-interior","status":"publish","type":"post","link":"https:\/\/nazarenonews.com.br\/index.php\/2024\/12\/19\/justica-concede-isencao-parcial-de-pedagio-para-moradores-de-cidade-no-interior\/","title":{"rendered":"Justi\u00e7a concede isen\u00e7\u00e3o parcial de ped\u00e1gio para moradores de cidade no interior"},"content":{"rendered":"\n<p>O juiz Ricardo Frazon Menegucci, da 2\u00aa Vara de Col\u00edder, concedeu isen\u00e7\u00e3o parcial de 50% do valor do ped\u00e1gio a moradores do munic\u00edpio de Col\u00edder (650 km ao Norte), que precisam transitar na Rodovia MT-320, entre a comarca e Nova Santa Helena. A decis\u00e3o foi proferida em a\u00e7\u00e3o civil p\u00fablica ajuizada em junho, com a senten\u00e7a agora em dezembro. A a\u00e7\u00e3o foi movida pelo Minist\u00e9rio P\u00fablico de Mato Grosso (MPMT) contra a concession\u00e1ria respons\u00e1vel pela rodovia e o Estado.<\/p>\n\n\n\n<p>O MP alegou que a cobran\u00e7a integral do ped\u00e1gio causa impactos financeiros e limita o direito de ir e vir de pequenos produtores, trabalhadores informais e estudantes, que dependem do trecho diariamente.<\/p>\n\n\n\n<p>Na senten\u00e7a, o magistrado reconheceu que a cobran\u00e7a integral sem vias alternativas prejudica a locomo\u00e7\u00e3o dos moradores e fere os princ\u00edpios constitucionais de igualdade, razoabilidade e proporcionalidade. No entanto, ele destacou que uma isen\u00e7\u00e3o total poderia gerar desequil\u00edbrio financeiro no contrato de concess\u00e3o.<\/p>\n\n\n\n<p>A isen\u00e7\u00e3o ser\u00e1 concedida aos moradores que comprovarem resid\u00eancia em Col\u00edder desde a instala\u00e7\u00e3o da pra\u00e7a de ped\u00e1gio, apresentarem v\u00ednculo estudantil ou trabalhista com renda familiar de at\u00e9 3 sal\u00e1rios m\u00ednimos e possu\u00edrem ve\u00edculos emplacados no munic\u00edpio. A concession\u00e1ria tem o prazo de 30 dias para realizar o cadastramento dos benefici\u00e1rios e deve divulgar amplamente a decis\u00e3o.<\/p>\n","protected":false},"excerpt":{"rendered":"<p>O juiz Ricardo Frazon Menegucci, da 2\u00aa Vara de Col\u00edder, concedeu isen\u00e7\u00e3o parcial de 50% do valor do ped\u00e1gio a moradores do munic\u00edpio de Col\u00edder (650 km ao Norte), que precisam transitar na Rodovia MT-320, entre a comarca e Nova Santa Helena. A decis\u00e3o foi proferida em a\u00e7\u00e3o civil p\u00fablica ajuizada em junho, com a [&hellip;]<\/p>\n","protected":false},"author":2,"featured_media":6290,"comment_status":"closed","ping_status":"closed","sticky":false,"template":"","format":"standard","meta":{"_monsterinsights_skip_tracking":false,"_monsterinsights_sitenote_active":false,"_monsterinsights_sitenote_note":"","_monsterinsights_sitenote_category":0,"footnotes":""},"categories":[36,1],"tags":[],"_links":{"self":[{"href":"https:\/\/nazarenonews.com.br\/index.php\/wp-json\/wp\/v2\/posts\/6268"}],"collection":[{"href":"https:\/\/nazarenonews.com.br\/index.php\/wp-json\/wp\/v2\/posts"}],"about":[{"href":"https:\/\/nazarenonews.com.br\/index.php\/wp-json\/wp\/v2\/types\/post"}],"author":[{"embeddable":true,"href":"https:\/\/nazarenonews.com.br\/index.php\/wp-json\/wp\/v2\/users\/2"}],"replies":[{"embeddable":true,"href":"https:\/\/nazarenonews.com.br\/index.php\/wp-json\/wp\/v2\/comments?post=6268"}],"version-history":[{"count":1,"href":"https:\/\/nazarenonews.com.br\/index.php\/wp-json\/wp\/v2\/posts\/6268\/revisions"}],"predecessor-version":[{"id":6270,"href":"https:\/\/nazarenonews.com.br\/index.php\/wp-json\/wp\/v2\/posts\/6268\/revisions\/6270"}],"wp:featuredmedia":[{"embeddable":true,"href":"https:\/\/nazarenonews.com.br\/index.php\/wp-json\/wp\/v2\/media\/6290"}],"wp:attachment":[{"href":"https:\/\/nazarenonews.com.br\/index.php\/wp-json\/wp\/v2\/media?parent=6268"}],"wp:term":[{"taxonomy":"category","embeddable":true,"href":"https:\/\/nazarenonews.com.br\/index.php\/wp-json\/wp\/v2\/categories?post=6268"},{"taxonomy":"post_tag","embeddable":true,"href":"https:\/\/nazarenonews.com.br\/index.php\/wp-json\/wp\/v2\/tags?post=6268"}],"curies":[{"name":"wp","href":"https:\/\/api.w.org\/{rel}","templated":true}]}}