{"id":6253,"date":"2024-12-19T13:00:00","date_gmt":"2024-12-19T17:00:00","guid":{"rendered":"https:\/\/nazarenonews.com.br\/?p=6253"},"modified":"2024-12-19T15:37:37","modified_gmt":"2024-12-19T19:37:37","slug":"entre-o-torque-e-a-serenidade","status":"publish","type":"post","link":"https:\/\/nazarenonews.com.br\/index.php\/2024\/12\/19\/entre-o-torque-e-a-serenidade\/","title":{"rendered":"Entre o Torque e a Serenidade"},"content":{"rendered":"\n<p>\u201cLindo de se ver!\u201d \u201cSatisfat\u00f3rio!\u201d \u201cTer dinheiro deve ser bom demais!\u201d Esses foram alguns dos coment\u00e1rios que dominaram as redes sociais ap\u00f3s a circula\u00e7\u00e3o de um v\u00eddeo, no m\u00ednimo, inusitado: um SUV empurrando uma caminhonete; esta, estacionada em frente ao port\u00e3o de uma garagem, bloqueava a sa\u00edda do ve\u00edculo \u201cempurrador\u201d. Para al\u00e9m da surpresa com a cena, muitos internautas destacaram a impressionante capacidade do SUV \u2013 o que, diga-se de passagem, deve alavancar sua fama e impulsionar suas vendas.<\/p>\n\n\n\n<p>Para um observador social \u2013 sobretudo se este for um crist\u00e3o \u2013 h\u00e1 considera\u00e7\u00f5es a serem feitas sobre o epis\u00f3dio. A primeira, que me parece a mais evidente, \u00e9 o fato de as pessoas estarem perdendo \u2013 ou j\u00e1 terem perdido de vez \u2013 a toler\u00e2ncia para com determinados erros. Convenhamos: estacionar um carro em frente a uma garagem \u00e9 uma evidente infra\u00e7\u00e3o, pass\u00edvel de multa e guincho. A segunda observa\u00e7\u00e3o \u00e9 justamente esta: a \u201cv\u00edtima\u201d (no caso, o propriet\u00e1rio do ve\u00edculo impedido de sair de sua garagem) n\u00e3o buscou os meios legais; antes, \u201cresolveu\u201d o problema de modo, digamos assim, desburocratizado. Com seus muitos cavalos de for\u00e7a sob o controle das m\u00e3os e p\u00e9s, eliminou a obstru\u00e7\u00e3o. Assumiu para si o poder que, em uma sociedade como a nossa, deveria ser \u2013 e, em tese, \u00e9 \u2013 delegado ao Estado, o \u00e1rbitro legitimado e autoproclamado mitigador de justiceiros sociais.<\/p>\n\n\n\n<p>N\u00e3o sejamos hip\u00f3critas: muitas vezes desejamos fazer o mesmo. Exaustos com tantos abusos, tantos empecilhos obstruindo nosso caminho \u2013 literal ou metaforicamente \u2013 temos vontade de usar os recursos que temos \u00e0 m\u00e3o para p\u00f4r um fim imediato ao problema. Ainda mais quando esse problema \u00e9 causado pelos outros. &#8220;O inferno s\u00e3o os outros&#8221;, escreveu Sartre. O outro \u00e9 visto como um empecilho, um obst\u00e1culo, um estorvo. O outro quer nos prejudicar. O outro, errante e obtuso, precisa ser corrigido, precisa ver que n\u00e3o \u00e9 assim que se age! Talvez mere\u00e7a um tratamento de choque, uma a\u00e7\u00e3o memor\u00e1vel \u2013 pedag\u00f3gica, at\u00e9 \u2013 para pensar duas vezes antes de repetir a afronta.<\/p>\n\n\n\n<p>Respiremos, pois. Contemos at\u00e9 dez. Tenhamos calma. Afinal de contas, poucos de n\u00f3s temos a pot\u00eancia de um SUV que custa algumas centenas de milhares de reais&#8230; Ops! Tentemos novamente. N\u00e3o foi para isso que Cristo nos chamou. Quando tivermos a oportunidade e at\u00e9 o poder de fazer justi\u00e7a com nossas m\u00e3os, devemos&#8230; devemos o qu\u00ea? Pensar como Cristo. \u00c0s vezes, o que nos impede de dar fim a um problema imediato \u00e9 simplesmente a falta de poder, e n\u00e3o a falta de vontade. Com poder suficiente, o que far\u00edamos ao sermos obstru\u00eddos em nossos objetivos? Como considerar\u00edamos as pessoas que julgamos atrapalhar o bom andamento de nosso planejamento? Davi, rei, disp\u00f4s do poder de resolver, por meio da morte de Urias, o inconveniente \u2013 e escandaloso \u2013 problema do adult\u00e9rio com Bate-Seba. O Sin\u00e9drio disp\u00f4s do poder de, ao entregar Jesus a Pilatos, \u201cresolver\u201d o inc\u00f4modo que um carism\u00e1tico.<\/p>\n\n\n\n<p>pregador de Nazar\u00e9 representava a seus projetos pol\u00edticos. Olhamos para esses homens e pensamos qu\u00e3o cru\u00e9is ou insanos eles podiam ser, mas ser\u00e1 que a diferen\u00e7a de natureza entre n\u00f3s e eles \u00e9 t\u00e3o grande assim? E se n\u00f3s tiv\u00e9ssemos o poder de \u201csolucionar\u201d problemas \u00e0 nossa maneira?<\/p>\n\n\n\n<p>Quando olhamos para a B\u00edblia, especialmente para o exemplo de Jesus e dos primeiros crist\u00e3os, percebemos que \u201csolucionar problemas\u201d \u00e0s custas da desconsidera\u00e7\u00e3o do outro n\u00e3o faz parte dos mandamentos do Reino. Pelo contr\u00e1rio: n\u00e3o prejudicar o outro \u2013 ainda que ele esteja errado, e mesmo que sejamos as v\u00edtimas \u2013 \u00e9 a prescri\u00e7\u00e3o do Evangelho. Jesus disse que, se pedisse ao Pai, este enviaria uma legi\u00e3o de anjos para livr\u00e1-lo da pris\u00e3o e do sofrimento da cruz (Mateus 26:53), mas escolheu n\u00e3o o fazer. Quando os disc\u00edpulos Tiago e Jo\u00e3o quiseram orar para que ca\u00edsse fogo do c\u00e9u sobre uma aldeia samaritana que n\u00e3o os recebeu (Lucas 9:54), Jesus os repreendeu, afirmando que eles n\u00e3o sabiam de que esp\u00edrito eram, pois o Filho do Homem veio para salvar, e n\u00e3o para destruir. Al\u00e9m disso, Jesus, sendo Deus, n\u00e3o usou o poder que possu\u00eda em causa pr\u00f3pria para aniquilar seus \u201cinimigos\u201d, conforme lemos em Filipenses 2:6-8. Pelo contr\u00e1rio, esvaziou-se, assumindo a forma de servo e sendo obediente at\u00e9 a morte, e morte de cruz.<\/p>\n\n\n\n<p>Tenho para mim que, justamente, a humildade, no sentido de n\u00e3o se ter poder, \u00e9 algo pedag\u00f3gico. O caminho de Cristo n\u00e3o oferece atalhos ou solu\u00e7\u00f5es r\u00e1pidas que passem por cima da humanidade alheia. Convida-nos, antes, a enxergar o outro, por mais inconveniente que seja, como algu\u00e9m digno de respeito, de gra\u00e7a e de paci\u00eancia. N\u00e3o se trata de ignorar o erro ou fechar os olhos diante da injusti\u00e7a, mas de recusar o impulso que desembainha a espada \u2013 ou engata a marcha \u00e0 r\u00e9! Em um mundo saturado de respostas imediatas e \u201csolu\u00e7\u00f5es\u201d incisivas e diminuidoras do outro, somos chamados a mostrar um caminho muito distinto: o da miseric\u00f3rdia, o da disposi\u00e7\u00e3o em renunciar \u00e0 imposi\u00e7\u00e3o de nossos motivos como rem\u00e9dio para o mal. \u00c9 nesse testemunho que revelamos ao mundo a verdadeira for\u00e7a do Reino \u2013 a for\u00e7a que se manifesta n\u00e3o no poder de empurrar, mas no poder de abra\u00e7ar.<\/p>\n\n\n\n<p><strong>Por: Gustavo Lopes de Oliveira Santos<\/strong><\/p>\n","protected":false},"excerpt":{"rendered":"<p>\u201cLindo de se ver!\u201d \u201cSatisfat\u00f3rio!\u201d \u201cTer dinheiro deve ser bom demais!\u201d Esses foram alguns dos coment\u00e1rios que dominaram as redes sociais ap\u00f3s a circula\u00e7\u00e3o de um v\u00eddeo, no m\u00ednimo, inusitado: um SUV empurrando uma caminhonete; esta, estacionada em frente ao port\u00e3o de uma garagem, bloqueava a sa\u00edda do ve\u00edculo \u201cempurrador\u201d. Para al\u00e9m da surpresa com [&hellip;]<\/p>\n","protected":false},"author":2,"featured_media":6262,"comment_status":"closed","ping_status":"closed","sticky":false,"template":"","format":"standard","meta":{"_monsterinsights_skip_tracking":false,"_monsterinsights_sitenote_active":false,"_monsterinsights_sitenote_note":"","_monsterinsights_sitenote_category":0,"footnotes":""},"categories":[47,31],"tags":[],"_links":{"self":[{"href":"https:\/\/nazarenonews.com.br\/index.php\/wp-json\/wp\/v2\/posts\/6253"}],"collection":[{"href":"https:\/\/nazarenonews.com.br\/index.php\/wp-json\/wp\/v2\/posts"}],"about":[{"href":"https:\/\/nazarenonews.com.br\/index.php\/wp-json\/wp\/v2\/types\/post"}],"author":[{"embeddable":true,"href":"https:\/\/nazarenonews.com.br\/index.php\/wp-json\/wp\/v2\/users\/2"}],"replies":[{"embeddable":true,"href":"https:\/\/nazarenonews.com.br\/index.php\/wp-json\/wp\/v2\/comments?post=6253"}],"version-history":[{"count":1,"href":"https:\/\/nazarenonews.com.br\/index.php\/wp-json\/wp\/v2\/posts\/6253\/revisions"}],"predecessor-version":[{"id":6255,"href":"https:\/\/nazarenonews.com.br\/index.php\/wp-json\/wp\/v2\/posts\/6253\/revisions\/6255"}],"wp:featuredmedia":[{"embeddable":true,"href":"https:\/\/nazarenonews.com.br\/index.php\/wp-json\/wp\/v2\/media\/6262"}],"wp:attachment":[{"href":"https:\/\/nazarenonews.com.br\/index.php\/wp-json\/wp\/v2\/media?parent=6253"}],"wp:term":[{"taxonomy":"category","embeddable":true,"href":"https:\/\/nazarenonews.com.br\/index.php\/wp-json\/wp\/v2\/categories?post=6253"},{"taxonomy":"post_tag","embeddable":true,"href":"https:\/\/nazarenonews.com.br\/index.php\/wp-json\/wp\/v2\/tags?post=6253"}],"curies":[{"name":"wp","href":"https:\/\/api.w.org\/{rel}","templated":true}]}}