{"id":6230,"date":"2024-12-19T08:01:09","date_gmt":"2024-12-19T12:01:09","guid":{"rendered":"https:\/\/nazarenonews.com.br\/?p=6230"},"modified":"2024-12-19T09:27:50","modified_gmt":"2024-12-19T13:27:50","slug":"dolar-explode-e-bate-a-maior-cotacao-da-historia-r-626","status":"publish","type":"post","link":"https:\/\/nazarenonews.com.br\/index.php\/2024\/12\/19\/dolar-explode-e-bate-a-maior-cotacao-da-historia-r-626\/","title":{"rendered":"D\u00f3lar explode e bate a maior cota\u00e7\u00e3o da hist\u00f3ria: R$ 6,26"},"content":{"rendered":"\n<p>O Brasil testemunhou, nesta quarta-feira (18), um marco sombrio em sua hist\u00f3ria econ\u00f4mica. O d\u00f3lar encerrou o preg\u00e3o cotado a R$ 6,26, a maior cota\u00e7\u00e3o j\u00e1 registrada, escancarando a deteriora\u00e7\u00e3o da economia nacional e aprofundando o cen\u00e1rio de incertezas. A disparada da moeda americana reflete n\u00e3o apenas o impacto de decis\u00f5es externas, como o corte de juros pelo Federal Reserve (Fed), mas tamb\u00e9m a desconfian\u00e7a crescente no mercado diante da condu\u00e7\u00e3o econ\u00f4mica do governo Lula.<\/p>\n\n\n\n<p>D\u00f3lar hist\u00f3rico e suas consequ\u00eancias devastadoras<\/p>\n\n\n\n<p>A alta do d\u00f3lar, que rompeu o recorde anterior, representa uma amea\u00e7a direta \u00e0 economia brasileira. Com um c\u00e2mbio t\u00e3o elevado, os pre\u00e7os de insumos, combust\u00edveis e produtos importados disparam, alimentando uma infla\u00e7\u00e3o que j\u00e1 preocupa os brasileiros. O impacto \u00e9 sentido diretamente no bolso da popula\u00e7\u00e3o, sobretudo nas classes mais baixas, que enfrentam o aumento do custo de vida em meio \u00e0 estagna\u00e7\u00e3o econ\u00f4mica.<\/p>\n\n\n\n<p>Al\u00e9m disso, empresas que dependem de importa\u00e7\u00f5es ou que possuem d\u00edvidas em d\u00f3lar est\u00e3o sendo esmagadas pela nova cota\u00e7\u00e3o. O resultado imediato \u00e9 a retra\u00e7\u00e3o de investimentos, cortes de empregos e o aprofundamento de uma crise econ\u00f4mica que parece cada vez mais pr\u00f3xima de um colapso.<\/p>\n\n\n\n<p>Descontrole fiscal e crise de confian\u00e7a<\/p>\n\n\n\n<p>Embora o corte de 0,25 ponto percentual nos juros americanos pelo Fed tenha contribu\u00eddo para a valoriza\u00e7\u00e3o global do d\u00f3lar, a principal explica\u00e7\u00e3o para o caos cambial est\u00e1 na pol\u00edtica econ\u00f4mica interna. A postura do governo Lula, marcada por gastos p\u00fablicos crescentes e uma aparente incapacidade de apresentar um plano fiscal cr\u00edvel, tem afugentado investidores e gerado desconfian\u00e7a.<\/p>\n\n\n\n<p>A rea\u00e7\u00e3o do mercado ao discurso do ministro da Fazenda, Fernando Haddad, refor\u00e7a essa an\u00e1lise. Ao atribuir a alta do d\u00f3lar a \u201cespecula\u00e7\u00e3o\u201d, Haddad mostrou-se alheio \u00e0s causas estruturais do problema, ignorando a insatisfa\u00e7\u00e3o generalizada com o descontrole das contas p\u00fablicas. Sem sinais claros de austeridade ou de compromisso com a responsabilidade fiscal, o Brasil segue perdendo credibilidade no cen\u00e1rio internacional.<\/p>\n\n\n\n<p>Ibovespa em queda e sinais de instabilidade<\/p>\n\n\n\n<p>A deteriora\u00e7\u00e3o da confian\u00e7a no Brasil tamb\u00e9m se refletiu na bolsa de valores. O Ibovespa, principal \u00edndice da B3, registrou uma queda de 2,31%, encerrando o dia em 121.807 pontos. Investidores, diante da escalada do d\u00f3lar e da falta de uma resposta efetiva do governo, buscam ref\u00fagio em ativos mais seguros no exterior, agravando a fuga de capitais.<\/p>\n\n\n\n<p>Rumo ao colapso econ\u00f4mico<\/p>\n\n\n\n<p>A maior cota\u00e7\u00e3o do d\u00f3lar na hist\u00f3ria do Brasil \u00e9 mais do que um n\u00famero. Ela simboliza o enfraquecimento de uma economia que enfrenta infla\u00e7\u00e3o, desemprego e desorganiza\u00e7\u00e3o fiscal. Sem uma pol\u00edtica clara e medidas concretas para recuperar a confian\u00e7a, o pa\u00eds segue \u00e0 deriva, enquanto a popula\u00e7\u00e3o paga o pre\u00e7o de um c\u00e2mbio descontrolado e de um governo que parece incapaz de reagir.<\/p>\n\n\n\n<p><\/p>\n","protected":false},"excerpt":{"rendered":"<p>O Brasil testemunhou, nesta quarta-feira (18), um marco sombrio em sua hist\u00f3ria econ\u00f4mica. O d\u00f3lar encerrou o preg\u00e3o cotado a R$ 6,26, a maior cota\u00e7\u00e3o j\u00e1 registrada, escancarando a deteriora\u00e7\u00e3o da economia nacional e aprofundando o cen\u00e1rio de incertezas. A disparada da moeda americana reflete n\u00e3o apenas o impacto de decis\u00f5es externas, como o corte [&hellip;]<\/p>\n","protected":false},"author":2,"featured_media":5237,"comment_status":"closed","ping_status":"closed","sticky":false,"template":"","format":"standard","meta":{"_monsterinsights_skip_tracking":false,"_monsterinsights_sitenote_active":false,"_monsterinsights_sitenote_note":"","_monsterinsights_sitenote_category":0,"footnotes":""},"categories":[37,50,1],"tags":[],"_links":{"self":[{"href":"https:\/\/nazarenonews.com.br\/index.php\/wp-json\/wp\/v2\/posts\/6230"}],"collection":[{"href":"https:\/\/nazarenonews.com.br\/index.php\/wp-json\/wp\/v2\/posts"}],"about":[{"href":"https:\/\/nazarenonews.com.br\/index.php\/wp-json\/wp\/v2\/types\/post"}],"author":[{"embeddable":true,"href":"https:\/\/nazarenonews.com.br\/index.php\/wp-json\/wp\/v2\/users\/2"}],"replies":[{"embeddable":true,"href":"https:\/\/nazarenonews.com.br\/index.php\/wp-json\/wp\/v2\/comments?post=6230"}],"version-history":[{"count":1,"href":"https:\/\/nazarenonews.com.br\/index.php\/wp-json\/wp\/v2\/posts\/6230\/revisions"}],"predecessor-version":[{"id":6232,"href":"https:\/\/nazarenonews.com.br\/index.php\/wp-json\/wp\/v2\/posts\/6230\/revisions\/6232"}],"wp:featuredmedia":[{"embeddable":true,"href":"https:\/\/nazarenonews.com.br\/index.php\/wp-json\/wp\/v2\/media\/5237"}],"wp:attachment":[{"href":"https:\/\/nazarenonews.com.br\/index.php\/wp-json\/wp\/v2\/media?parent=6230"}],"wp:term":[{"taxonomy":"category","embeddable":true,"href":"https:\/\/nazarenonews.com.br\/index.php\/wp-json\/wp\/v2\/categories?post=6230"},{"taxonomy":"post_tag","embeddable":true,"href":"https:\/\/nazarenonews.com.br\/index.php\/wp-json\/wp\/v2\/tags?post=6230"}],"curies":[{"name":"wp","href":"https:\/\/api.w.org\/{rel}","templated":true}]}}