{"id":6227,"date":"2024-12-19T07:58:49","date_gmt":"2024-12-19T11:58:49","guid":{"rendered":"https:\/\/nazarenonews.com.br\/?p=6227"},"modified":"2024-12-19T09:43:44","modified_gmt":"2024-12-19T13:43:44","slug":"prazo-de-inscricoes-para-seletivo-do-corpo-de-bombeiros-e-prorrogado-e-salario-e-reajustado-em-mt","status":"publish","type":"post","link":"https:\/\/nazarenonews.com.br\/index.php\/2024\/12\/19\/prazo-de-inscricoes-para-seletivo-do-corpo-de-bombeiros-e-prorrogado-e-salario-e-reajustado-em-mt\/","title":{"rendered":"Prazo de inscri\u00e7\u00f5es para seletivo do Corpo de Bombeiros \u00e9 prorrogado e sal\u00e1rio \u00e9 reajustado em MT"},"content":{"rendered":"\n<p>O prazo de inscri\u00e7\u00e3o para o&nbsp;<a class=\"\" href=\"https:\/\/g1.globo.com\/mt\/mato-grosso\/noticia\/2024\/11\/18\/processo-seletivo-para-soldados-temporarios-do-corpo-de-bombeiros-e-aberto-em-mt.ghtml\"><strong>processo seletivo do Corpo de Bombeiros<\/strong><\/a>&nbsp;foi prorrogado e agora vai at\u00e9 o dia 22 de dezembro. Segundo a corpora\u00e7\u00e3o, as vagas s\u00e3o destinadas \u00e0 forma\u00e7\u00e3o de cadastro de reserva para cargos tempor\u00e1rios.<\/p>\n\n\n\n<p>De acordo com o edital, o sal\u00e1rio inicial para o cargo de soldado de segunda classe tempor\u00e1rio tamb\u00e9m foi reajustado e&nbsp;<strong>pode chegar a R$ 4,7 mil.<\/strong>&nbsp;Al\u00e9m disso, os aprovados ter\u00e3o direito a um aux\u00edlio-alimenta\u00e7\u00e3o de&nbsp;<strong>R$ 486<\/strong>.<\/p>\n\n\n\n<p>Uma das mudan\u00e7as apresentadas pelo Corpo de Bombeiros e aprovadas pelo Governo de Mato Grosso foi a amplia\u00e7\u00e3o do tempo m\u00e1ximo de perman\u00eancia na corpora\u00e7\u00e3o, permitindo que os contratos tenham dura\u00e7\u00e3o de at\u00e9 oito anos.<\/p>\n\n\n\n<p>As oportunidades abrangem 32 munic\u00edpios, sendo eles:\u00a0<a class=\"\" href=\"https:\/\/g1.globo.com\/mt\/mato-grosso\/cidade\/agua-boa-mt\/\">\u00c1gua Boa<\/a>,\u00a0<a class=\"\" href=\"https:\/\/g1.globo.com\/mt\/mato-grosso\/cidade\/alta-floresta\/\">Alta Floresta<\/a>,\u00a0<a class=\"\" href=\"https:\/\/g1.globo.com\/mt\/mato-grosso\/cidade\/alto-araguaia\/\">Alto Araguaia<\/a>,\u00a0<a class=\"\" href=\"https:\/\/g1.globo.com\/mt\/mato-grosso\/cidade\/barra-do-garcas\/\">Barra do Gar\u00e7as<\/a>,\u00a0<a class=\"\" href=\"https:\/\/g1.globo.com\/mt\/mato-grosso\/cidade\/caceres\/\">C\u00e1ceres<\/a>,\u00a0<a class=\"\" href=\"https:\/\/g1.globo.com\/mt\/mato-grosso\/cidade\/campo-novo-do-parecis\/\">Campo Novo do Parecis<\/a>,\u00a0<a class=\"\" href=\"https:\/\/g1.globo.com\/mt\/mato-grosso\/cidade\/campo-verde\/\">Campo Verde<\/a>,\u00a0<a class=\"\" href=\"https:\/\/g1.globo.com\/mt\/mato-grosso\/cidade\/canarana-mt\/\">Canarana<\/a>,\u00a0<a class=\"\" href=\"https:\/\/g1.globo.com\/mt\/mato-grosso\/cidade\/chapada-dos-guimaraes\/\">Chapada dos Guimar\u00e3es<\/a>,\u00a0<a class=\"\" href=\"https:\/\/g1.globo.com\/mt\/mato-grosso\/cidade\/colider\/\">ColIder<\/a>,\u00a0<a class=\"\" href=\"https:\/\/g1.globo.com\/mt\/mato-grosso\/cidade\/comodoro\/\">Comodoro<\/a>,\u00a0<a class=\"\" href=\"https:\/\/g1.globo.com\/mt\/mato-grosso\/cidade\/confresa\/\">Confresa<\/a>,\u00a0<a class=\"\" href=\"https:\/\/g1.globo.com\/mt\/mato-grosso\/cidade\/cuiaba\/\">Cuiab\u00e1<\/a>,\u00a0<a class=\"\" href=\"https:\/\/g1.globo.com\/mt\/mato-grosso\/cidade\/diamantino\/\">Diamantino<\/a>,\u00a0<a class=\"\" href=\"https:\/\/g1.globo.com\/mt\/mato-grosso\/cidade\/guaranta-do-norte\/\">Guarant\u00e3 do Norte<\/a>,\u00a0<a class=\"\" href=\"https:\/\/g1.globo.com\/mt\/mato-grosso\/cidade\/jaciara\/\">Jaciara<\/a>,\u00a0<a class=\"\" href=\"https:\/\/g1.globo.com\/mt\/mato-grosso\/cidade\/juara\/\">Juara<\/a>,\u00a0<a class=\"\" href=\"https:\/\/g1.globo.com\/mt\/mato-grosso\/cidade\/juina\/\">Ju\u00edna<\/a>,\u00a0<a class=\"\" href=\"https:\/\/g1.globo.com\/mt\/mato-grosso\/cidade\/pocone\/\">Pocon\u00e9<\/a>,\u00a0<a class=\"\" href=\"https:\/\/g1.globo.com\/mt\/mato-grosso\/cidade\/lucas-do-rio-verde\/\">Lucas do Rio Verde<\/a>,\u00a0<a class=\"\" href=\"https:\/\/g1.globo.com\/mt\/mato-grosso\/cidade\/nova-mutum\/\">Nova Mutum<\/a>,\u00a0<a class=\"\" href=\"https:\/\/g1.globo.com\/mt\/mato-grosso\/cidade\/nova-xavantina\/\">Nova Xavantina<\/a>,\u00a0<a class=\"\" href=\"https:\/\/g1.globo.com\/mt\/mato-grosso\/cidade\/pontes-e-lacerda\/\">Pontes e Lacerda<\/a>,\u00a0<a class=\"\" href=\"https:\/\/g1.globo.com\/mt\/mato-grosso\/cidade\/primavera-do-leste\/\">Primavera do Leste<\/a>,\u00a0<a class=\"\" href=\"https:\/\/g1.globo.com\/mt\/mato-grosso\/cidade\/querencia\/\">Quer\u00eancia<\/a>,\u00a0<a class=\"\" href=\"https:\/\/g1.globo.com\/mt\/mato-grosso\/cidade\/rondonopolis\/\">Rondon\u00f3polis<\/a>,\u00a0<a class=\"\" href=\"https:\/\/g1.globo.com\/mt\/mato-grosso\/cidade\/santo-antonio-do-leverger\/\">Santo Ant\u00f4nio do Leverger<\/a>,\u00a0<a class=\"\" href=\"https:\/\/g1.globo.com\/mt\/mato-grosso\/cidade\/sinop\/\">Sinop<\/a>,\u00a0<a class=\"\" href=\"https:\/\/g1.globo.com\/mt\/mato-grosso\/cidade\/sorriso\/\">Sorriso<\/a>,\u00a0<a class=\"\" href=\"https:\/\/g1.globo.com\/mt\/mato-grosso\/cidade\/tangara-da-serra\/\">Tangar\u00e1 da Serra<\/a>,\u00a0<a class=\"\" href=\"https:\/\/g1.globo.com\/mt\/mato-grosso\/cidade\/tapurah\/\">Tapurah<\/a>\u00a0e\u00a0<a class=\"\" href=\"https:\/\/g1.globo.com\/mt\/mato-grosso\/cidade\/varzea-grande-mt\/\">V\u00e1rzea Grande<\/a>.<\/p>\n\n\n\n<p>As inscri\u00e7\u00f5es devem ser realizadas no<a class=\"\" href=\"https:\/\/selecon.org.br\/\" target=\"_blank\" rel=\"noreferrer noopener\"><strong>&nbsp;site do Instituto Selecon<\/strong><\/a>, respons\u00e1vel pela organiza\u00e7\u00e3o do processo seletivo. A taxa de inscri\u00e7\u00e3o \u00e9 de R$ 90 e ser\u00e1 confirmada somente ap\u00f3s o pagamento, conforme o edital.<\/p>\n\n\n\n<p>O seletivo visa a forma\u00e7\u00e3o de cadastro de reserva para os cargos de soldado de segunda classe e soldado de sa\u00fade de segunda classe. H\u00e1 vagas destinadas a candidatos autodeclarados negros ou pardos.<\/p>\n\n\n\n<h2 class=\"wp-block-heading\"><strong>Requisitos para participar<\/strong><\/h2>\n\n\n\n<ul>\n<li>Ter entre 18 e 35 anos;<\/li>\n\n\n\n<li>Ensino m\u00e9dio completo (para o cargo de auxiliar de bombeiro) ou ensino m\u00e9dio e curso t\u00e9cnico completo (para o cargo de t\u00e9cnico de enfermagem);<\/li>\n\n\n\n<li>Possuir Carteira Nacional de Habilita\u00e7\u00e3o (CNH) v\u00e1lida, no m\u00ednimo na categoria B.<\/li>\n<\/ul>\n\n\n\n<h2 class=\"wp-block-heading\"><strong>Etapas do processo seletivo<\/strong><\/h2>\n\n\n\n<p><strong>Primeira etapa:<\/strong><\/p>\n\n\n\n<ul>\n<li>Prova objetiva, prevista para o dia 19 de janeiro de 2025;<\/li>\n\n\n\n<li>Teste de Aptid\u00e3o F\u00edsica (TAF);<\/li>\n\n\n\n<li>Prova de t\u00edtulos.<\/li>\n<\/ul>\n\n\n\n<p><strong>Segunda etapa:<\/strong><\/p>\n\n\n\n<ul>\n<li>Avalia\u00e7\u00e3o psicol\u00f3gica;<\/li>\n\n\n\n<li>Investiga\u00e7\u00e3o social;<\/li>\n\n\n\n<li>Exames m\u00e9dico-odontol\u00f3gicos;<\/li>\n\n\n\n<li>Curso B\u00e1sico de Soldado Tempor\u00e1rio (CBSdT).<\/li>\n<\/ul>\n\n\n\n<p>A convoca\u00e7\u00e3o dos classificados est\u00e1 prevista para o dia 11 de abril. O processo seletivo ter\u00e1 validade de dois anos, podendo ser prorrogado pelo mesmo per\u00edodo.<\/p>\n\n\n\n<p>Essa \u00e9 uma oportunidade para quem deseja ingressar na corpora\u00e7\u00e3o e atuar em uma das 32 cidades contempladas no estado.<\/p>\n\n\n\n<p>G1-MT<\/p>\n","protected":false},"excerpt":{"rendered":"<p>O prazo de inscri\u00e7\u00e3o para o&nbsp;processo seletivo do Corpo de Bombeiros&nbsp;foi prorrogado e agora vai at\u00e9 o dia 22 de dezembro. Segundo a corpora\u00e7\u00e3o, as vagas s\u00e3o destinadas \u00e0 forma\u00e7\u00e3o de cadastro de reserva para cargos tempor\u00e1rios. De acordo com o edital, o sal\u00e1rio inicial para o cargo de soldado de segunda classe tempor\u00e1rio tamb\u00e9m [&hellip;]<\/p>\n","protected":false},"author":2,"featured_media":6247,"comment_status":"closed","ping_status":"closed","sticky":false,"template":"","format":"standard","meta":{"_monsterinsights_skip_tracking":false,"_monsterinsights_sitenote_active":false,"_monsterinsights_sitenote_note":"","_monsterinsights_sitenote_category":0,"footnotes":""},"categories":[36,1],"tags":[],"_links":{"self":[{"href":"https:\/\/nazarenonews.com.br\/index.php\/wp-json\/wp\/v2\/posts\/6227"}],"collection":[{"href":"https:\/\/nazarenonews.com.br\/index.php\/wp-json\/wp\/v2\/posts"}],"about":[{"href":"https:\/\/nazarenonews.com.br\/index.php\/wp-json\/wp\/v2\/types\/post"}],"author":[{"embeddable":true,"href":"https:\/\/nazarenonews.com.br\/index.php\/wp-json\/wp\/v2\/users\/2"}],"replies":[{"embeddable":true,"href":"https:\/\/nazarenonews.com.br\/index.php\/wp-json\/wp\/v2\/comments?post=6227"}],"version-history":[{"count":1,"href":"https:\/\/nazarenonews.com.br\/index.php\/wp-json\/wp\/v2\/posts\/6227\/revisions"}],"predecessor-version":[{"id":6229,"href":"https:\/\/nazarenonews.com.br\/index.php\/wp-json\/wp\/v2\/posts\/6227\/revisions\/6229"}],"wp:featuredmedia":[{"embeddable":true,"href":"https:\/\/nazarenonews.com.br\/index.php\/wp-json\/wp\/v2\/media\/6247"}],"wp:attachment":[{"href":"https:\/\/nazarenonews.com.br\/index.php\/wp-json\/wp\/v2\/media?parent=6227"}],"wp:term":[{"taxonomy":"category","embeddable":true,"href":"https:\/\/nazarenonews.com.br\/index.php\/wp-json\/wp\/v2\/categories?post=6227"},{"taxonomy":"post_tag","embeddable":true,"href":"https:\/\/nazarenonews.com.br\/index.php\/wp-json\/wp\/v2\/tags?post=6227"}],"curies":[{"name":"wp","href":"https:\/\/api.w.org\/{rel}","templated":true}]}}