{"id":6212,"date":"2024-12-19T07:45:27","date_gmt":"2024-12-19T11:45:27","guid":{"rendered":"https:\/\/nazarenonews.com.br\/?p=6212"},"modified":"2024-12-19T09:32:08","modified_gmt":"2024-12-19T13:32:08","slug":"abilio-brunini-escolhe-professoras-para-comandar-a-educacao","status":"publish","type":"post","link":"https:\/\/nazarenonews.com.br\/index.php\/2024\/12\/19\/abilio-brunini-escolhe-professoras-para-comandar-a-educacao\/","title":{"rendered":"Abilio Brunini escolhe professoras para comandar a Educa\u00e7\u00e3o"},"content":{"rendered":"\n<p>O prefeito eleito por Cuiab\u00e1, Abilio Brunini (PL), definiu a professora Evanilda Solange Dias para assumir a Secretaria Municipal de Educa\u00e7\u00e3o. Como secret\u00e1ria-adjunta, assumir\u00e1 Vilmara Silva Vidica, que tamb\u00e9m \u00e9 professora.&nbsp;<\/p>\n\n\n\n<p>\u201cA gente escolheu a Solange pela sua ampla experiencia na \u00e1rea da gest\u00e3o. Ela tem uma diploma\u00e7\u00e3o de magist\u00e9rio, que era na \u00e9poca, e ela teve a carreira dela completa dentro da Secretaria Estadual de Educa\u00e7\u00e3o\u201d, disse Abilio \u00e0 imprensa na noite desta quarta-feira (18).<\/p>\n\n\n\n<p>Evanilda \u00e9 graduada em Letras pela Universidade Estadual de Mato Grosso (Unemat), especialista em Ensino da Educa\u00e7\u00e3o Superior, com 34 anos dedicados \u00e0 educa\u00e7\u00e3o mato-grossense como servidora efetiva da Seduc.<\/p>\n\n\n\n<p>Vilmara tem 23 anos de experi\u00eancia na \u00e1rea educacional, atuando na Rede Municipal de Ensino. Possui forma\u00e7\u00e3o em Educa\u00e7\u00e3o F\u00edsica e Pedagogia, al\u00e9m de especializa\u00e7\u00e3o em Educa\u00e7\u00e3o Infantil. Nos \u00faltimos 4 anos, desempenhou o papel de Coordenadora Pedag\u00f3gica, contribuindo para a organiza\u00e7\u00e3o e desenvolvimento de pr\u00e1ticas pedag\u00f3gicas voltadas ao aprendizado e \u00e0 forma\u00e7\u00e3o integral de crian\u00e7as na primeira inf\u00e2ncia.<\/p>\n\n\n\n<p>Rep\u00f3rter MT<\/p>\n","protected":false},"excerpt":{"rendered":"<p>O prefeito eleito por Cuiab\u00e1, Abilio Brunini (PL), definiu a professora Evanilda Solange Dias para assumir a Secretaria Municipal de Educa\u00e7\u00e3o. Como secret\u00e1ria-adjunta, assumir\u00e1 Vilmara Silva Vidica, que tamb\u00e9m \u00e9 professora.&nbsp; \u201cA gente escolheu a Solange pela sua ampla experiencia na \u00e1rea da gest\u00e3o. Ela tem uma diploma\u00e7\u00e3o de magist\u00e9rio, que era na \u00e9poca, e [&hellip;]<\/p>\n","protected":false},"author":2,"featured_media":6243,"comment_status":"closed","ping_status":"closed","sticky":false,"template":"","format":"standard","meta":{"_monsterinsights_skip_tracking":false,"_monsterinsights_sitenote_active":false,"_monsterinsights_sitenote_note":"","_monsterinsights_sitenote_category":0,"footnotes":""},"categories":[51,1,48],"tags":[],"_links":{"self":[{"href":"https:\/\/nazarenonews.com.br\/index.php\/wp-json\/wp\/v2\/posts\/6212"}],"collection":[{"href":"https:\/\/nazarenonews.com.br\/index.php\/wp-json\/wp\/v2\/posts"}],"about":[{"href":"https:\/\/nazarenonews.com.br\/index.php\/wp-json\/wp\/v2\/types\/post"}],"author":[{"embeddable":true,"href":"https:\/\/nazarenonews.com.br\/index.php\/wp-json\/wp\/v2\/users\/2"}],"replies":[{"embeddable":true,"href":"https:\/\/nazarenonews.com.br\/index.php\/wp-json\/wp\/v2\/comments?post=6212"}],"version-history":[{"count":1,"href":"https:\/\/nazarenonews.com.br\/index.php\/wp-json\/wp\/v2\/posts\/6212\/revisions"}],"predecessor-version":[{"id":6214,"href":"https:\/\/nazarenonews.com.br\/index.php\/wp-json\/wp\/v2\/posts\/6212\/revisions\/6214"}],"wp:featuredmedia":[{"embeddable":true,"href":"https:\/\/nazarenonews.com.br\/index.php\/wp-json\/wp\/v2\/media\/6243"}],"wp:attachment":[{"href":"https:\/\/nazarenonews.com.br\/index.php\/wp-json\/wp\/v2\/media?parent=6212"}],"wp:term":[{"taxonomy":"category","embeddable":true,"href":"https:\/\/nazarenonews.com.br\/index.php\/wp-json\/wp\/v2\/categories?post=6212"},{"taxonomy":"post_tag","embeddable":true,"href":"https:\/\/nazarenonews.com.br\/index.php\/wp-json\/wp\/v2\/tags?post=6212"}],"curies":[{"name":"wp","href":"https:\/\/api.w.org\/{rel}","templated":true}]}}