{"id":6209,"date":"2024-12-19T07:42:17","date_gmt":"2024-12-19T11:42:17","guid":{"rendered":"https:\/\/nazarenonews.com.br\/?p=6209"},"modified":"2024-12-19T09:25:28","modified_gmt":"2024-12-19T13:25:28","slug":"kalil-nega-caos-na-saude-publica-todo-o-pais-passa-por-dificuldade-e-em-varzea-grande-nao-e-diferente","status":"publish","type":"post","link":"https:\/\/nazarenonews.com.br\/index.php\/2024\/12\/19\/kalil-nega-caos-na-saude-publica-todo-o-pais-passa-por-dificuldade-e-em-varzea-grande-nao-e-diferente\/","title":{"rendered":"Kalil nega caos na sa\u00fade p\u00fablica: &#8220;Todo o pa\u00eds passa por dificuldade e em V\u00e1rzea Grande n\u00e3o \u00e9 diferente&#8221;"},"content":{"rendered":"\n<p>O prefeito de V\u00e1rzea Grande, Kalil Baracat (MDB), negou que a situa\u00e7\u00e3o da sa\u00fade p\u00fablica na cidade esteja em &#8220;colapso&#8221;. Em conversa com a imprensa nesta semana, Baracat afirmou que a sa\u00fade p\u00fablica em todo o pa\u00eds passa por dificuldades e que n\u00e3o \u00e9 diferente na cidade e cobrou apoio dos demais poderes.<\/p>\n\n\n\n<p><em><strong>&#8220;Pelo menos na V\u00e1rzea Grande eu desconhe\u00e7o essa realidade. N\u00f3s estamos fazendo de tudo para manter a qualidade do servi\u00e7o na V\u00e1rzea Grande. Eu n\u00e3o coloco essa palavra &#8216;caos&#8217; na sa\u00fade p\u00fablica do munic\u00edpio de V\u00e1rzea Grande. H\u00e1 dificuldades. A sa\u00fade p\u00fablica em todo o pa\u00eds passa por dificuldade e em V\u00e1rzea Grande n\u00e3o \u00e9 diferente&#8221;<\/strong><\/em>, disse.<\/p>\n\n\n\n<p>O prefeito de V\u00e1rzea Grande em fim de mandato disse que a cidade enfrentou um per\u00edodo de diminui\u00e7\u00e3o da receita porque as emendas parlamentares deixaram de ser transferidas durante o per\u00edodo eleitoral. Mas negou que os servi\u00e7os de sa\u00fade possam ser suspensos na reta final de 2024.<\/p>\n\n\n\n<p><em><strong>&#8220;Tivemos, sim, perda de receita, n\u00e3o ca\u00edram as emendas, por isso algumas coisas acabaram tendo que fazer alguns ajustes, mas as emendas chegando vamos ajustar e a\u00ed \u00e9 vida que segue e entregar o mandato para a pr\u00f3xima gest\u00e3o&#8221;<\/strong><\/em>, pontuou.<\/p>\n\n\n\n<p><em><strong>&#8220;Enxugamos algumas situa\u00e7\u00f5es dentro da m\u00e1quina para que pud\u00e9ssemos manter a qualidade do servi\u00e7o e estamos fazendo de tudo para manter a qualidade do servi\u00e7o no munic\u00edpio de V\u00e1rzea Grande, haja vista que Cuiab\u00e1 e V\u00e1rzea Grande, n\u00e3o se pode deixar de ressaltar, atendem n\u00e3o s\u00f3 os seus munic\u00edpios, atendem tamb\u00e9m o interior do estado&#8221;<\/strong><\/em>, destacou.<\/p>\n\n\n\n<p>Kalil disse que as dificuldades na sa\u00fade p\u00fablica, que ele considera serem de n\u00edvel nacional, s\u00f3 poder\u00e3o ser solucionadas com o envolvimento de todos os poderes constitu\u00eddos, representados na reuni\u00e3o realizada na segunda no Tribunal de Justi\u00e7a.\u00a0<em><strong>&#8220;N\u00e3o s\u00f3 eu, mas os pr\u00f3ximos gestores que v\u00e3o assumir precisam de apoio dos poderes&#8221;<\/strong><\/em>, defendeu.<\/p>\n\n\n\n<p>Rep\u00f3rter MT<\/p>\n","protected":false},"excerpt":{"rendered":"<p>O prefeito de V\u00e1rzea Grande, Kalil Baracat (MDB), negou que a situa\u00e7\u00e3o da sa\u00fade p\u00fablica na cidade esteja em &#8220;colapso&#8221;. Em conversa com a imprensa nesta semana, Baracat afirmou que a sa\u00fade p\u00fablica em todo o pa\u00eds passa por dificuldades e que n\u00e3o \u00e9 diferente na cidade e cobrou apoio dos demais poderes. &#8220;Pelo menos [&hellip;]<\/p>\n","protected":false},"author":2,"featured_media":6242,"comment_status":"closed","ping_status":"closed","sticky":false,"template":"","format":"standard","meta":{"_monsterinsights_skip_tracking":false,"_monsterinsights_sitenote_active":false,"_monsterinsights_sitenote_note":"","_monsterinsights_sitenote_category":0,"footnotes":""},"categories":[36,1,48],"tags":[],"_links":{"self":[{"href":"https:\/\/nazarenonews.com.br\/index.php\/wp-json\/wp\/v2\/posts\/6209"}],"collection":[{"href":"https:\/\/nazarenonews.com.br\/index.php\/wp-json\/wp\/v2\/posts"}],"about":[{"href":"https:\/\/nazarenonews.com.br\/index.php\/wp-json\/wp\/v2\/types\/post"}],"author":[{"embeddable":true,"href":"https:\/\/nazarenonews.com.br\/index.php\/wp-json\/wp\/v2\/users\/2"}],"replies":[{"embeddable":true,"href":"https:\/\/nazarenonews.com.br\/index.php\/wp-json\/wp\/v2\/comments?post=6209"}],"version-history":[{"count":1,"href":"https:\/\/nazarenonews.com.br\/index.php\/wp-json\/wp\/v2\/posts\/6209\/revisions"}],"predecessor-version":[{"id":6211,"href":"https:\/\/nazarenonews.com.br\/index.php\/wp-json\/wp\/v2\/posts\/6209\/revisions\/6211"}],"wp:featuredmedia":[{"embeddable":true,"href":"https:\/\/nazarenonews.com.br\/index.php\/wp-json\/wp\/v2\/media\/6242"}],"wp:attachment":[{"href":"https:\/\/nazarenonews.com.br\/index.php\/wp-json\/wp\/v2\/media?parent=6209"}],"wp:term":[{"taxonomy":"category","embeddable":true,"href":"https:\/\/nazarenonews.com.br\/index.php\/wp-json\/wp\/v2\/categories?post=6209"},{"taxonomy":"post_tag","embeddable":true,"href":"https:\/\/nazarenonews.com.br\/index.php\/wp-json\/wp\/v2\/tags?post=6209"}],"curies":[{"name":"wp","href":"https:\/\/api.w.org\/{rel}","templated":true}]}}