{"id":6204,"date":"2024-12-19T07:37:28","date_gmt":"2024-12-19T11:37:28","guid":{"rendered":"https:\/\/nazarenonews.com.br\/?p=6204"},"modified":"2024-12-19T09:21:22","modified_gmt":"2024-12-19T13:21:22","slug":"flavia-moretti-e-zaeli-sao-diplomados-em-vg","status":"publish","type":"post","link":"https:\/\/nazarenonews.com.br\/index.php\/2024\/12\/19\/flavia-moretti-e-zaeli-sao-diplomados-em-vg\/","title":{"rendered":"Fl\u00e1via Moretti e  Ti\u00e3o da Zaeli  s\u00e3o diplomados em VG"},"content":{"rendered":"\n<p>Diplomada no fim da tarde da ter\u00e7a-feira (17), a prefeita eleita por V\u00e1rzea Grande, Fl\u00e1via Moretti (PL), contou que uma das prioridades no in\u00edcio do seu mandato, que come\u00e7a no dia 1\u00ba de janeiro de 2025, \u00e9 fazer uma reforma administrativa. Aas mudan\u00e7as devem come\u00e7ar a ser constru\u00eddas logo nos primeiros meses para que a proposta seja apresentada na C\u00e2mara Municipal o quanto antes.<\/p>\n\n\n\n<p><em><strong>\u201cA gente vai trabalhar entre janeiro e fevereiro para que, logo no in\u00edcio dos trabalhos da C\u00e2mara, apresentar\u201d<\/strong><\/em>, disse Moretti.<\/p>\n\n\n\n<p>A prefeita eleita ainda n\u00e3o deu muitos detalhes do qu\u00ea exatamente a reforma administrativa vai conter. Citou apenas que vai haver reformula\u00e7\u00e3o nas secretarias, incluindo a demiss\u00e3o de cerca de 400 comissionados, que ser\u00e3o substitu\u00eddos por outros. No entanto, ela ressaltou que nem todos os 400 cargos ser\u00e3o preenchidos, permanecendo alguns vagos.<\/p>\n\n\n\n<p><em><strong>\u201cLogo no come\u00e7o do mandato, eu quero a substitui\u00e7\u00e3o dos comissionados. S\u00e3o cerca de 400, mas n\u00f3s n\u00e3o vamos nomear todos. Vamos deixar muitos cargos vagos por conta da Reforma Administrativa\u201d<\/strong><\/em>, explicou.<\/p>\n\n\n\n<p>Ainda durante a diploma\u00e7\u00e3o dos eleitos no munic\u00edpio, Moretti esclareceu que vai trabalhar com uma equipe menor, mas seguir\u00e1 entregando um servi\u00e7o de qualidade \u00e0 popula\u00e7\u00e3o:\u00a0<em><strong>\u201cN\u00f3s pretendemos trabalhar com menos e mais qualidade\u201d.<\/strong><\/em><\/p>\n\n\n\n<p>Rep\u00f3rter MT<\/p>\n","protected":false},"excerpt":{"rendered":"<p>Diplomada no fim da tarde da ter\u00e7a-feira (17), a prefeita eleita por V\u00e1rzea Grande, Fl\u00e1via Moretti (PL), contou que uma das prioridades no in\u00edcio do seu mandato, que come\u00e7a no dia 1\u00ba de janeiro de 2025, \u00e9 fazer uma reforma administrativa. Aas mudan\u00e7as devem come\u00e7ar a ser constru\u00eddas logo nos primeiros meses para que a [&hellip;]<\/p>\n","protected":false},"author":2,"featured_media":6241,"comment_status":"closed","ping_status":"closed","sticky":false,"template":"","format":"standard","meta":{"_monsterinsights_skip_tracking":false,"_monsterinsights_sitenote_active":false,"_monsterinsights_sitenote_note":"","_monsterinsights_sitenote_category":0,"footnotes":""},"categories":[36,1,48],"tags":[],"_links":{"self":[{"href":"https:\/\/nazarenonews.com.br\/index.php\/wp-json\/wp\/v2\/posts\/6204"}],"collection":[{"href":"https:\/\/nazarenonews.com.br\/index.php\/wp-json\/wp\/v2\/posts"}],"about":[{"href":"https:\/\/nazarenonews.com.br\/index.php\/wp-json\/wp\/v2\/types\/post"}],"author":[{"embeddable":true,"href":"https:\/\/nazarenonews.com.br\/index.php\/wp-json\/wp\/v2\/users\/2"}],"replies":[{"embeddable":true,"href":"https:\/\/nazarenonews.com.br\/index.php\/wp-json\/wp\/v2\/comments?post=6204"}],"version-history":[{"count":2,"href":"https:\/\/nazarenonews.com.br\/index.php\/wp-json\/wp\/v2\/posts\/6204\/revisions"}],"predecessor-version":[{"id":6208,"href":"https:\/\/nazarenonews.com.br\/index.php\/wp-json\/wp\/v2\/posts\/6204\/revisions\/6208"}],"wp:featuredmedia":[{"embeddable":true,"href":"https:\/\/nazarenonews.com.br\/index.php\/wp-json\/wp\/v2\/media\/6241"}],"wp:attachment":[{"href":"https:\/\/nazarenonews.com.br\/index.php\/wp-json\/wp\/v2\/media?parent=6204"}],"wp:term":[{"taxonomy":"category","embeddable":true,"href":"https:\/\/nazarenonews.com.br\/index.php\/wp-json\/wp\/v2\/categories?post=6204"},{"taxonomy":"post_tag","embeddable":true,"href":"https:\/\/nazarenonews.com.br\/index.php\/wp-json\/wp\/v2\/tags?post=6204"}],"curies":[{"name":"wp","href":"https:\/\/api.w.org\/{rel}","templated":true}]}}