{"id":6199,"date":"2024-12-19T07:31:03","date_gmt":"2024-12-19T11:31:03","guid":{"rendered":"https:\/\/nazarenonews.com.br\/?p=6199"},"modified":"2024-12-19T09:11:30","modified_gmt":"2024-12-19T13:11:30","slug":"abilio-brunini-vice-e-vereadores-sao-diplomados-em-cuiaba","status":"publish","type":"post","link":"https:\/\/nazarenonews.com.br\/index.php\/2024\/12\/19\/abilio-brunini-vice-e-vereadores-sao-diplomados-em-cuiaba\/","title":{"rendered":"Abilio Brunini, vice e vereadores s\u00e3o diplomados em Cuiab\u00e1"},"content":{"rendered":"\n<p>O prefeito eleito Abilio Brunini (PL), a vice-prefeita eleita V\u00e2nia Rosa (Novo) e os 27 vereadores eleitos de Cuiab\u00e1 foram diplomados nesta quarta-feira (18) pelo Tribunal Regional Eleitoral de Mato Grosso (TRE-MT). A diploma\u00e7\u00e3o \u00e9 uma exig\u00eancia legal para que os eleitos tomem posse no dia 1\u00ba de janeiro.<\/p>\n\n\n\n<p>Abilio e V\u00e2nia foram eleitos, em 27 de outubro deste ano, com 171.324 votos, ou 53,80% do eleitorado que compareceu \u00e0s urnas, derrotando o deputado estadual L\u00fadio Cabral (PT) e a jornalista Rafaela F\u00e1varo (PSD). Eles tamb\u00e9m venceram o primeiro turno, quando 39,60% dos votos v\u00e1lidos enquanto o petista conseguiu 28,32%.<\/p>\n\n\n\n<p><em><strong>\u201cSou grato a Deus, \u00e0 popula\u00e7\u00e3o cuiabana que tem nos dado a oportunidade de conduzir o futuro de Cuiab\u00e1\u201d<\/strong><\/em>, disse Abilio \u00e0 imprensa.<\/p>\n\n\n\n<p>O liberal voltou a falar que ir\u00e1 receber a prefeitura com um rombo de mais de R$ 1 bilh\u00e3o e &#8220;provavelmente com o caixa zerado&#8221;.&nbsp;<\/p>\n\n\n\n<p><em><strong>\u201cA partir de agora, diplomado, n\u00e3o sou apenas o Abilio deputado federal prefeito eleito pelo PL, sou prefeito de uma cidade, que tem esquerda, direita, centro, tem quem gosta de mim e quem n\u00e3o gosta. Tem vereadores do nosso lado e tem que n\u00e3o \u00e9 e isso \u00e9 natural. Mas \u00e9 necess\u00e1rio ter responsabilidade, muita responsabilidade, para que a gente entenda que \u00e9 necess\u00e1rio mudar a condu\u00e7\u00e3o das coisas\u201d<\/strong><\/em>, disse o liberal em seu discurso.<\/p>\n\n\n\n<p>A vice-prefeita dever\u00e1 assumir a pasta da Assist\u00eancia Social, sendo a respons\u00e1vel pela condu\u00e7\u00e3o das a\u00e7\u00f5es voltadas \u00e0 popula\u00e7\u00e3o em situa\u00e7\u00e3o de vulnerabilidade. Durante entrevista, ela disse estar focada nas quest\u00f5es acerca da secretaria.<\/p>\n\n\n\n<p>Os vereadores eleitos e diplomados pela Justi\u00e7a Eleitoral s\u00e3o:<\/p>\n\n\n\n<p>Samantha Iris (PL)<br>Maysa Le\u00e3o (Republicanos)<br>Alex Rodrigues (PV)<br>Paula Calil (PL)<br>Cezinha Nascimento (Uni\u00e3o)<br>Ilde Taques (PSB)<br>Michelly Alencar (Uni\u00e3o)<br>Maria Avallone (PSDB)<br>Marcrean Santos (MDB)<br>Tenente-coronel Dias (Cidadania)<br>Dra. Mara (Podemos)<br>Adevair Cabral (Solidariedade)<br>Dilem\u00e1rio Alencar (Uni\u00e3o)<br>Policial Federal Rafael Ranalli (PL)<br>Eduardo Magalh\u00e3es (Republicanos)<br>Kassio Coelho (Podemos)<br>Demilson Nogueira (PP)<br>D\u00eddimo Vov\u00f4 (PSB)<br>Chico 2000 (PL)<br>Sargento Joelson (PSB)<br>Baixinha Giraldelli (Solidariedade)<br>Katiuscia (PSB)<br>M\u00e1rio Nadaf (PV)<br>Marcus Brito Jr. (PV)<br>Daniel Monteiro (Republicanos)<br>Jefferson Siqueira (PSD)<br>Wilson Kero Kero (PMB).<\/p>\n\n\n\n<p>Rep\u00f3rter MT<\/p>\n","protected":false},"excerpt":{"rendered":"<p>O prefeito eleito Abilio Brunini (PL), a vice-prefeita eleita V\u00e2nia Rosa (Novo) e os 27 vereadores eleitos de Cuiab\u00e1 foram diplomados nesta quarta-feira (18) pelo Tribunal Regional Eleitoral de Mato Grosso (TRE-MT). A diploma\u00e7\u00e3o \u00e9 uma exig\u00eancia legal para que os eleitos tomem posse no dia 1\u00ba de janeiro. Abilio e V\u00e2nia foram eleitos, em [&hellip;]<\/p>\n","protected":false},"author":2,"featured_media":6240,"comment_status":"closed","ping_status":"closed","sticky":false,"template":"","format":"standard","meta":{"_monsterinsights_skip_tracking":false,"_monsterinsights_sitenote_active":false,"_monsterinsights_sitenote_note":"","_monsterinsights_sitenote_category":0,"footnotes":""},"categories":[36,1,48],"tags":[],"_links":{"self":[{"href":"https:\/\/nazarenonews.com.br\/index.php\/wp-json\/wp\/v2\/posts\/6199"}],"collection":[{"href":"https:\/\/nazarenonews.com.br\/index.php\/wp-json\/wp\/v2\/posts"}],"about":[{"href":"https:\/\/nazarenonews.com.br\/index.php\/wp-json\/wp\/v2\/types\/post"}],"author":[{"embeddable":true,"href":"https:\/\/nazarenonews.com.br\/index.php\/wp-json\/wp\/v2\/users\/2"}],"replies":[{"embeddable":true,"href":"https:\/\/nazarenonews.com.br\/index.php\/wp-json\/wp\/v2\/comments?post=6199"}],"version-history":[{"count":2,"href":"https:\/\/nazarenonews.com.br\/index.php\/wp-json\/wp\/v2\/posts\/6199\/revisions"}],"predecessor-version":[{"id":6203,"href":"https:\/\/nazarenonews.com.br\/index.php\/wp-json\/wp\/v2\/posts\/6199\/revisions\/6203"}],"wp:featuredmedia":[{"embeddable":true,"href":"https:\/\/nazarenonews.com.br\/index.php\/wp-json\/wp\/v2\/media\/6240"}],"wp:attachment":[{"href":"https:\/\/nazarenonews.com.br\/index.php\/wp-json\/wp\/v2\/media?parent=6199"}],"wp:term":[{"taxonomy":"category","embeddable":true,"href":"https:\/\/nazarenonews.com.br\/index.php\/wp-json\/wp\/v2\/categories?post=6199"},{"taxonomy":"post_tag","embeddable":true,"href":"https:\/\/nazarenonews.com.br\/index.php\/wp-json\/wp\/v2\/tags?post=6199"}],"curies":[{"name":"wp","href":"https:\/\/api.w.org\/{rel}","templated":true}]}}