{"id":6005,"date":"2024-12-16T14:20:33","date_gmt":"2024-12-16T18:20:33","guid":{"rendered":"https:\/\/nazarenonews.com.br\/?p=6005"},"modified":"2024-12-16T20:12:31","modified_gmt":"2024-12-17T00:12:31","slug":"adolescente-e-apreendido-por-queimar-sobrinho-com-cigarro-de-maconha-para-coagir-familia-para-o-trafico-de-drogas-em-mt","status":"publish","type":"post","link":"https:\/\/nazarenonews.com.br\/index.php\/2024\/12\/16\/adolescente-e-apreendido-por-queimar-sobrinho-com-cigarro-de-maconha-para-coagir-familia-para-o-trafico-de-drogas-em-mt\/","title":{"rendered":"Adolescente \u00e9 apreendido por queimar sobrinho com cigarro de maconha para coagir fam\u00edlia para o tr\u00e1fico de drogas em MT"},"content":{"rendered":"\n<p>A dona da casa relatou \u00e0 pol\u00edcia que n\u00e3o havia denunciado o adolescente anteriormente por medo, pois ele amea\u00e7ava a fam\u00edlia com uma arma de fogo para&nbsp;<strong>for\u00e7\u00e1-los a colaborar com o tr\u00e1fico na regi\u00e3o.<\/strong><\/p>\n\n\n\n<p>Segundo a Pol\u00edcia Militar, o adolescente foi apreendido em casa, com um simulacro de pistola, conhecido como arma de brinquedo. Durante a abordagem na casa, tamb\u00e9m foram encontradas 10 por\u00e7\u00f5es de maconha, al\u00e9m de uma tornozeleira eletr\u00f4nica rompida.<\/p>\n\n\n\n<p>O quadro de sa\u00fade da v\u00edtima n\u00e3o foi informado at\u00e9 a \u00faltima atualiza\u00e7\u00e3o desta reportagem. J\u00e1 o adolescente foi conduzido para a Delegacia da Pol\u00edcia Civil do mun\u00edcipio, e agora est\u00e1 \u00e0 disposi\u00e7\u00e3o da Justi\u00e7a.<\/p>\n\n\n\n<h2 class=\"wp-block-heading\"><strong>&#8216;Miss\u00e3o&#8217;<\/strong><\/h2>\n\n\n\n<p>Ainda de acordo com o boletim de ocorr\u00eancia, o adolescente havia recebido a &#8216;miss\u00e3o&#8217; de uma organiza\u00e7\u00e3o criminosa de quebrar todas as c\u00e2meras do Governo do Estado, do programa estadual Vigia Mais MT.<\/p>\n\n\n\n<p>A Pol\u00edcia Civil investigaa o caso.<\/p>\n\n\n\n<p>G1-MT<\/p>\n","protected":false},"excerpt":{"rendered":"<p>A dona da casa relatou \u00e0 pol\u00edcia que n\u00e3o havia denunciado o adolescente anteriormente por medo, pois ele amea\u00e7ava a fam\u00edlia com uma arma de fogo para&nbsp;for\u00e7\u00e1-los a colaborar com o tr\u00e1fico na regi\u00e3o. Segundo a Pol\u00edcia Militar, o adolescente foi apreendido em casa, com um simulacro de pistola, conhecido como arma de brinquedo. Durante [&hellip;]<\/p>\n","protected":false},"author":2,"featured_media":6029,"comment_status":"closed","ping_status":"closed","sticky":false,"template":"","format":"standard","meta":{"_monsterinsights_skip_tracking":false,"_monsterinsights_sitenote_active":false,"_monsterinsights_sitenote_note":"","_monsterinsights_sitenote_category":0,"footnotes":""},"categories":[36,1],"tags":[],"_links":{"self":[{"href":"https:\/\/nazarenonews.com.br\/index.php\/wp-json\/wp\/v2\/posts\/6005"}],"collection":[{"href":"https:\/\/nazarenonews.com.br\/index.php\/wp-json\/wp\/v2\/posts"}],"about":[{"href":"https:\/\/nazarenonews.com.br\/index.php\/wp-json\/wp\/v2\/types\/post"}],"author":[{"embeddable":true,"href":"https:\/\/nazarenonews.com.br\/index.php\/wp-json\/wp\/v2\/users\/2"}],"replies":[{"embeddable":true,"href":"https:\/\/nazarenonews.com.br\/index.php\/wp-json\/wp\/v2\/comments?post=6005"}],"version-history":[{"count":1,"href":"https:\/\/nazarenonews.com.br\/index.php\/wp-json\/wp\/v2\/posts\/6005\/revisions"}],"predecessor-version":[{"id":6007,"href":"https:\/\/nazarenonews.com.br\/index.php\/wp-json\/wp\/v2\/posts\/6005\/revisions\/6007"}],"wp:featuredmedia":[{"embeddable":true,"href":"https:\/\/nazarenonews.com.br\/index.php\/wp-json\/wp\/v2\/media\/6029"}],"wp:attachment":[{"href":"https:\/\/nazarenonews.com.br\/index.php\/wp-json\/wp\/v2\/media?parent=6005"}],"wp:term":[{"taxonomy":"category","embeddable":true,"href":"https:\/\/nazarenonews.com.br\/index.php\/wp-json\/wp\/v2\/categories?post=6005"},{"taxonomy":"post_tag","embeddable":true,"href":"https:\/\/nazarenonews.com.br\/index.php\/wp-json\/wp\/v2\/tags?post=6005"}],"curies":[{"name":"wp","href":"https:\/\/api.w.org\/{rel}","templated":true}]}}