{"id":6002,"date":"2024-12-16T14:18:25","date_gmt":"2024-12-16T18:18:25","guid":{"rendered":"https:\/\/nazarenonews.com.br\/?p=6002"},"modified":"2024-12-16T20:11:29","modified_gmt":"2024-12-17T00:11:29","slug":"caminhao-cegonha-derruba-semaforo-em-avenida-e-interdita-transito-em-cuiaba","status":"publish","type":"post","link":"https:\/\/nazarenonews.com.br\/index.php\/2024\/12\/16\/caminhao-cegonha-derruba-semaforo-em-avenida-e-interdita-transito-em-cuiaba\/","title":{"rendered":"Caminh\u00e3o cegonha derruba sem\u00e1foro em avenida e interdita tr\u00e2nsito em Cuiab\u00e1"},"content":{"rendered":"\n<p>O tr\u00e2nsito na Avenida Miguel Sutil, uma das mais movimentadas de&nbsp;<a class=\"\" href=\"https:\/\/g1.globo.com\/mt\/mato-grosso\/cidade\/cuiaba\/\">Cuiab\u00e1<\/a>, est\u00e1 parcialmente congestionado nesta segunda-feira (16). Segundo informa\u00e7\u00f5es da Secretaria Municipal de Mobilidade Urbana (Semob), o sem\u00e1foro que cruza a avenida&nbsp;foi derrubado com a passagem de um caminh\u00e3o cegonha.&nbsp;A expectativa \u00e9 que o tr\u00e2nsito seja liberado no per\u00edodo da tarde.<\/p>\n\n\n\n<p>O congestionamento ocorre da Avenida Mato Grosso at\u00e9 o viaduto da Avenida Miguel Sutil. A Semob recomenda que os motoristas fa\u00e7am rotas de desvio pela Avenida Marechal Deodoro, ou sentido Avenida Fernando Corr\u00eaa da Costa.<\/p>\n\n\n\n<p>Ainda de acordo com o \u00f3rg\u00e3o, a equipe semaf\u00f3rica foi acionada para arrumar o sem\u00e1foro e retirar o ve\u00edculo do local.<\/p>\n\n\n\n<p>O motorista do ve\u00edculo informou que \u00e9 natural do interior de S\u00e3o Paulo e que n\u00e3o conhece a regi\u00e3o. Ele transportava os ve\u00edculos para em uma concession\u00e1ria da capital, mas o GPS indicou uma rota por dentro da cidade.<\/p>\n","protected":false},"excerpt":{"rendered":"<p>O tr\u00e2nsito na Avenida Miguel Sutil, uma das mais movimentadas de&nbsp;Cuiab\u00e1, est\u00e1 parcialmente congestionado nesta segunda-feira (16). Segundo informa\u00e7\u00f5es da Secretaria Municipal de Mobilidade Urbana (Semob), o sem\u00e1foro que cruza a avenida&nbsp;foi derrubado com a passagem de um caminh\u00e3o cegonha.&nbsp;A expectativa \u00e9 que o tr\u00e2nsito seja liberado no per\u00edodo da tarde. O congestionamento ocorre da [&hellip;]<\/p>\n","protected":false},"author":2,"featured_media":6028,"comment_status":"closed","ping_status":"closed","sticky":false,"template":"","format":"standard","meta":{"_monsterinsights_skip_tracking":false,"_monsterinsights_sitenote_active":false,"_monsterinsights_sitenote_note":"","_monsterinsights_sitenote_category":0,"footnotes":""},"categories":[36,1],"tags":[],"_links":{"self":[{"href":"https:\/\/nazarenonews.com.br\/index.php\/wp-json\/wp\/v2\/posts\/6002"}],"collection":[{"href":"https:\/\/nazarenonews.com.br\/index.php\/wp-json\/wp\/v2\/posts"}],"about":[{"href":"https:\/\/nazarenonews.com.br\/index.php\/wp-json\/wp\/v2\/types\/post"}],"author":[{"embeddable":true,"href":"https:\/\/nazarenonews.com.br\/index.php\/wp-json\/wp\/v2\/users\/2"}],"replies":[{"embeddable":true,"href":"https:\/\/nazarenonews.com.br\/index.php\/wp-json\/wp\/v2\/comments?post=6002"}],"version-history":[{"count":1,"href":"https:\/\/nazarenonews.com.br\/index.php\/wp-json\/wp\/v2\/posts\/6002\/revisions"}],"predecessor-version":[{"id":6004,"href":"https:\/\/nazarenonews.com.br\/index.php\/wp-json\/wp\/v2\/posts\/6002\/revisions\/6004"}],"wp:featuredmedia":[{"embeddable":true,"href":"https:\/\/nazarenonews.com.br\/index.php\/wp-json\/wp\/v2\/media\/6028"}],"wp:attachment":[{"href":"https:\/\/nazarenonews.com.br\/index.php\/wp-json\/wp\/v2\/media?parent=6002"}],"wp:term":[{"taxonomy":"category","embeddable":true,"href":"https:\/\/nazarenonews.com.br\/index.php\/wp-json\/wp\/v2\/categories?post=6002"},{"taxonomy":"post_tag","embeddable":true,"href":"https:\/\/nazarenonews.com.br\/index.php\/wp-json\/wp\/v2\/tags?post=6002"}],"curies":[{"name":"wp","href":"https:\/\/api.w.org\/{rel}","templated":true}]}}