{"id":5999,"date":"2024-12-16T14:16:25","date_gmt":"2024-12-16T18:16:25","guid":{"rendered":"https:\/\/nazarenonews.com.br\/?p=5999"},"modified":"2024-12-16T20:05:54","modified_gmt":"2024-12-17T00:05:54","slug":"medico-e-preso-em-upa-de-cuiaba-apos-paciente-denuncia-lo-por-assedio-sexual","status":"publish","type":"post","link":"https:\/\/nazarenonews.com.br\/index.php\/2024\/12\/16\/medico-e-preso-em-upa-de-cuiaba-apos-paciente-denuncia-lo-por-assedio-sexual\/","title":{"rendered":"M\u00e9dico \u00e9 preso em UPA de Cuiab\u00e1 ap\u00f3s paciente denunci\u00e1-lo por ass\u00e9dio sexual"},"content":{"rendered":"\n<p>Um m\u00e9dico da Unidade de Pronto Atendimento (UPA) Pascoal Ramos, em&nbsp;<a class=\"\" href=\"https:\/\/g1.globo.com\/mt\/mato-grosso\/cidade\/cuiaba\/\">Cuiab\u00e1<\/a>, foi detido nesta segunda-feira (16) ap\u00f3s ser<strong>&nbsp;denunciado por uma paciente por ass\u00e9dio sexual durante um atendimento na unidade.<\/strong>&nbsp;Segundo a Secretaria Municipal de Sa\u00fade (SMS), a den\u00fancia foi feita diretamente \u00e0 coordenadora da unidade, que acionou a Pol\u00edcia Militar.<\/p>\n\n\n\n<p>Em nota, a secretaria informou que&nbsp;<strong>\u201caguarda o desdobramento das investiga\u00e7\u00f5es realizadas pela delegacia para instaurar uma sindic\u00e2ncia administrativa e adotar as provid\u00eancias cab\u00edveis, conforme os protocolos legais\u201d<\/strong>.<\/p>\n\n\n\n<p>Para garantir o atendimento na unidade, a prefeitura informou que&nbsp;outro m\u00e9dico foi designado para assumir o plant\u00e3o.<\/p>\n\n\n\n<p>G1-MT<\/p>\n","protected":false},"excerpt":{"rendered":"<p>Um m\u00e9dico da Unidade de Pronto Atendimento (UPA) Pascoal Ramos, em&nbsp;Cuiab\u00e1, foi detido nesta segunda-feira (16) ap\u00f3s ser&nbsp;denunciado por uma paciente por ass\u00e9dio sexual durante um atendimento na unidade.&nbsp;Segundo a Secretaria Municipal de Sa\u00fade (SMS), a den\u00fancia foi feita diretamente \u00e0 coordenadora da unidade, que acionou a Pol\u00edcia Militar. Em nota, a secretaria informou que&nbsp;\u201caguarda [&hellip;]<\/p>\n","protected":false},"author":2,"featured_media":6027,"comment_status":"closed","ping_status":"closed","sticky":false,"template":"","format":"standard","meta":{"_monsterinsights_skip_tracking":false,"_monsterinsights_sitenote_active":false,"_monsterinsights_sitenote_note":"","_monsterinsights_sitenote_category":0,"footnotes":""},"categories":[36,51,1],"tags":[],"_links":{"self":[{"href":"https:\/\/nazarenonews.com.br\/index.php\/wp-json\/wp\/v2\/posts\/5999"}],"collection":[{"href":"https:\/\/nazarenonews.com.br\/index.php\/wp-json\/wp\/v2\/posts"}],"about":[{"href":"https:\/\/nazarenonews.com.br\/index.php\/wp-json\/wp\/v2\/types\/post"}],"author":[{"embeddable":true,"href":"https:\/\/nazarenonews.com.br\/index.php\/wp-json\/wp\/v2\/users\/2"}],"replies":[{"embeddable":true,"href":"https:\/\/nazarenonews.com.br\/index.php\/wp-json\/wp\/v2\/comments?post=5999"}],"version-history":[{"count":1,"href":"https:\/\/nazarenonews.com.br\/index.php\/wp-json\/wp\/v2\/posts\/5999\/revisions"}],"predecessor-version":[{"id":6001,"href":"https:\/\/nazarenonews.com.br\/index.php\/wp-json\/wp\/v2\/posts\/5999\/revisions\/6001"}],"wp:featuredmedia":[{"embeddable":true,"href":"https:\/\/nazarenonews.com.br\/index.php\/wp-json\/wp\/v2\/media\/6027"}],"wp:attachment":[{"href":"https:\/\/nazarenonews.com.br\/index.php\/wp-json\/wp\/v2\/media?parent=5999"}],"wp:term":[{"taxonomy":"category","embeddable":true,"href":"https:\/\/nazarenonews.com.br\/index.php\/wp-json\/wp\/v2\/categories?post=5999"},{"taxonomy":"post_tag","embeddable":true,"href":"https:\/\/nazarenonews.com.br\/index.php\/wp-json\/wp\/v2\/tags?post=5999"}],"curies":[{"name":"wp","href":"https:\/\/api.w.org\/{rel}","templated":true}]}}