{"id":5971,"date":"2024-12-16T06:09:24","date_gmt":"2024-12-16T10:09:24","guid":{"rendered":"https:\/\/nazarenonews.com.br\/?p=5971"},"modified":"2024-12-16T09:14:28","modified_gmt":"2024-12-16T13:14:28","slug":"bolsonaro-se-pronuncia-sobre-prisao-de-braga-netto","status":"publish","type":"post","link":"https:\/\/nazarenonews.com.br\/index.php\/2024\/12\/16\/bolsonaro-se-pronuncia-sobre-prisao-de-braga-netto\/","title":{"rendered":"Bolsonaro se pronuncia sobre pris\u00e3o de Braga Netto"},"content":{"rendered":"\n<p>A pris\u00e3o do General Walter Braga Netto pela Pol\u00edcia Federal neste s\u00e1bado (14) reacendeu debates no cen\u00e1rio pol\u00edtico brasileiro.<\/p>\n\n\n\n<p>Ex-ministro da Defesa e candidato a vice-presidente na chapa de Jair Bolsonaro em 2022, Braga Netto \u00e9 acusado de obstru\u00e7\u00e3o de justi\u00e7a e de envolvimento em supostos planos para reverter o resultado das elei\u00e7\u00f5es daquele ano.<\/p>\n\n\n\n<p>Sua deten\u00e7\u00e3o faz parte da Opera\u00e7\u00e3o Contragolpe, que investiga a\u00e7\u00f5es contra o Estado democr\u00e1tico de direito.<\/p>\n\n\n\n<p>O general \u00e9 apontado como pe\u00e7a-chave em um esquema para obter informa\u00e7\u00f5es da colabora\u00e7\u00e3o premiada de Mauro Cid, ex-ajudante de ordens de Bolsonaro.<\/p>\n\n\n\n<p>Segundo a investiga\u00e7\u00e3o, Braga Netto teria articulado com outras pessoas para acessar detalhes confidenciais da dela\u00e7\u00e3o, o que levantou suspeitas de que estaria tentando interferir no curso das apura\u00e7\u00f5es.<\/p>\n\n\n\n<p>A Opera\u00e7\u00e3o Contragolpe, que resultou no indiciamento de 37 pessoas, busca desarticular uma rede de conspira\u00e7\u00e3o que teria planejado atos golpistas, incluindo obstru\u00e7\u00e3o de justi\u00e7a e at\u00e9 amea\u00e7as a figuras pol\u00edticas proeminentes, como o presidente Luiz In\u00e1cio Lula da Silva.<\/p>\n\n\n\n<p>Bolsonaro criticou duramente a pris\u00e3o do aliado, classificando-a como arbitr\u00e1ria. \u201cComo algu\u00e9m pode ser preso por obstruir investiga\u00e7\u00f5es j\u00e1 conclu\u00eddas? O inqu\u00e9rito foi finalizado h\u00e1 mais de 10 dias\u201d, publicou o ex-presidente em suas redes sociais. O senador Hamilton Mour\u00e3o tamb\u00e9m expressou indigna\u00e7\u00e3o, afirmando que a pris\u00e3o \u00e9 um &#8220;atropelo das normas legais&#8221;.<\/p>\n\n\n\n<p>Em contrapartida, a Procuradoria-Geral da Rep\u00fablica defendeu a medida, justificando que a pris\u00e3o preventiva \u00e9 necess\u00e1ria para evitar interfer\u00eancias adicionais nas investiga\u00e7\u00f5es em curso.<\/p>\n\n\n\n<p>Braga Netto, no momento, est\u00e1 sob cust\u00f3dia do Ex\u00e9rcito no Comando Militar do Leste, enquanto a PGR avalia a apresenta\u00e7\u00e3o de den\u00fancias formais contra os envolvidos.<\/p>\n\n\n\n<p>O caso exp\u00f5e as tens\u00f5es entre diferentes esferas do poder e levanta quest\u00f5es sobre os limites entre a Justi\u00e7a e a pol\u00edtica no Brasil.<\/p>\n\n\n\n<p>Com desdobramentos ainda incertos, o processo refor\u00e7a a import\u00e2ncia de um julgamento justo e transparente para assegurar a integridade do sistema democr\u00e1tico.<\/p>\n\n\n\n<p>Folha do estado<\/p>\n","protected":false},"excerpt":{"rendered":"<p>A pris\u00e3o do General Walter Braga Netto pela Pol\u00edcia Federal neste s\u00e1bado (14) reacendeu debates no cen\u00e1rio pol\u00edtico brasileiro. Ex-ministro da Defesa e candidato a vice-presidente na chapa de Jair Bolsonaro em 2022, Braga Netto \u00e9 acusado de obstru\u00e7\u00e3o de justi\u00e7a e de envolvimento em supostos planos para reverter o resultado das elei\u00e7\u00f5es daquele ano. [&hellip;]<\/p>\n","protected":false},"author":2,"featured_media":5991,"comment_status":"closed","ping_status":"closed","sticky":false,"template":"","format":"standard","meta":{"_monsterinsights_skip_tracking":false,"_monsterinsights_sitenote_active":false,"_monsterinsights_sitenote_note":"","_monsterinsights_sitenote_category":0,"footnotes":""},"categories":[37,50,1,48],"tags":[],"_links":{"self":[{"href":"https:\/\/nazarenonews.com.br\/index.php\/wp-json\/wp\/v2\/posts\/5971"}],"collection":[{"href":"https:\/\/nazarenonews.com.br\/index.php\/wp-json\/wp\/v2\/posts"}],"about":[{"href":"https:\/\/nazarenonews.com.br\/index.php\/wp-json\/wp\/v2\/types\/post"}],"author":[{"embeddable":true,"href":"https:\/\/nazarenonews.com.br\/index.php\/wp-json\/wp\/v2\/users\/2"}],"replies":[{"embeddable":true,"href":"https:\/\/nazarenonews.com.br\/index.php\/wp-json\/wp\/v2\/comments?post=5971"}],"version-history":[{"count":1,"href":"https:\/\/nazarenonews.com.br\/index.php\/wp-json\/wp\/v2\/posts\/5971\/revisions"}],"predecessor-version":[{"id":5973,"href":"https:\/\/nazarenonews.com.br\/index.php\/wp-json\/wp\/v2\/posts\/5971\/revisions\/5973"}],"wp:featuredmedia":[{"embeddable":true,"href":"https:\/\/nazarenonews.com.br\/index.php\/wp-json\/wp\/v2\/media\/5991"}],"wp:attachment":[{"href":"https:\/\/nazarenonews.com.br\/index.php\/wp-json\/wp\/v2\/media?parent=5971"}],"wp:term":[{"taxonomy":"category","embeddable":true,"href":"https:\/\/nazarenonews.com.br\/index.php\/wp-json\/wp\/v2\/categories?post=5971"},{"taxonomy":"post_tag","embeddable":true,"href":"https:\/\/nazarenonews.com.br\/index.php\/wp-json\/wp\/v2\/tags?post=5971"}],"curies":[{"name":"wp","href":"https:\/\/api.w.org\/{rel}","templated":true}]}}