{"id":5968,"date":"2024-12-16T06:05:52","date_gmt":"2024-12-16T10:05:52","guid":{"rendered":"https:\/\/nazarenonews.com.br\/?p=5968"},"modified":"2024-12-16T06:05:52","modified_gmt":"2024-12-16T10:05:52","slug":"policial-penal-critica-delegado-apos-soltura-de-dentista-flagrada-com-celulares-no-jaleco","status":"publish","type":"post","link":"https:\/\/nazarenonews.com.br\/index.php\/2024\/12\/16\/policial-penal-critica-delegado-apos-soltura-de-dentista-flagrada-com-celulares-no-jaleco\/","title":{"rendered":"Policial Penal critica delegado ap\u00f3s soltura de dentista flagrada com celulares no jaleco"},"content":{"rendered":"\n<p>A policial penal Mayalu Neponuceno expressou sua indigna\u00e7\u00e3o nas redes sociais contra a decis\u00e3o de um delegado da Pol\u00edcia Civil de liberar, em poucas horas, a dentista A.P.F.S., flagrada ao tentar entrar na Penitenci\u00e1ria Feminina Ana Maria do Couto May, em Cuiab\u00e1, com celulares, carregadores e fones de ouvido escondidos no jaleco.<\/p>\n\n\n\n<p>A dentista foi presa em flagrante sob a acusa\u00e7\u00e3o de tentar entregar os itens a uma detenta, mas foi liberada rapidamente, para responder ao processo em liberdade.<\/p>\n\n\n\n<p>Mayalu, que estava de plant\u00e3o no momento da ocorr\u00eancia, no dia 13 de dezembro, criticou a decis\u00e3o do delegado, que classificou o crime como de &#8220;menor potencial ofensivo&#8221;. Em um v\u00eddeo publicado no Instagram, a policial desabafou:<\/p>\n\n\n\n<p>&#8220;Essa delinquente foi levada \u00e0 delegacia e, chegando l\u00e1, ele entendeu que o crime era de menor gravidade. Resultado: ela foi para casa e, \u00e0s 10 horas da noite, j\u00e1 estava na cama dela.&#8221;<\/p>\n\n\n\n<p>A agente tamb\u00e9m destacou o esfor\u00e7o coletivo dos policiais penais envolvidos na apreens\u00e3o e sua frustra\u00e7\u00e3o com a rotina desgastante e pouco reconhecida da categoria.<\/p>\n\n\n\n<p>&#8220;Cheguei em casa mais de 24 horas depois de come\u00e7ar o meu plant\u00e3o. Trabalhando, ganhando meu p\u00e3o, enquanto essa bandida dormia na caminha dela&#8221;, afirmou Mayalu.<\/p>\n\n\n\n<p>Ela lamentou ainda a falta de visibilidade do trabalho dos policiais penais, mencionando que a categoria &#8220;n\u00e3o tem destaque&#8221;, ao contr\u00e1rio de outras for\u00e7as que podem exibir suas a\u00e7\u00f5es. &#8220;Infelizmente, isso \u00e9 recorrente. Parece que estamos enxugando gelo&#8221;, disse a policial.<\/p>\n\n\n\n<p>Em seu desabafo, Mayalu enfatizou a dedica\u00e7\u00e3o de seus colegas e pediu maior reconhecimento para os policiais penais.<\/p>\n\n\n\n<p>&#8220;Existem muitos profissionais honrados e valorosos. N\u00f3s merecemos reconhecimento.&#8221;<\/p>\n\n\n\n<p>Folha do estado<\/p>\n","protected":false},"excerpt":{"rendered":"<p>A policial penal Mayalu Neponuceno expressou sua indigna\u00e7\u00e3o nas redes sociais contra a decis\u00e3o de um delegado da Pol\u00edcia Civil de liberar, em poucas horas, a dentista A.P.F.S., flagrada ao tentar entrar na Penitenci\u00e1ria Feminina Ana Maria do Couto May, em Cuiab\u00e1, com celulares, carregadores e fones de ouvido escondidos no jaleco. A dentista foi [&hellip;]<\/p>\n","protected":false},"author":2,"featured_media":5969,"comment_status":"closed","ping_status":"closed","sticky":false,"template":"","format":"standard","meta":{"_monsterinsights_skip_tracking":false,"_monsterinsights_sitenote_active":false,"_monsterinsights_sitenote_note":"","_monsterinsights_sitenote_category":0,"footnotes":""},"categories":[1],"tags":[],"_links":{"self":[{"href":"https:\/\/nazarenonews.com.br\/index.php\/wp-json\/wp\/v2\/posts\/5968"}],"collection":[{"href":"https:\/\/nazarenonews.com.br\/index.php\/wp-json\/wp\/v2\/posts"}],"about":[{"href":"https:\/\/nazarenonews.com.br\/index.php\/wp-json\/wp\/v2\/types\/post"}],"author":[{"embeddable":true,"href":"https:\/\/nazarenonews.com.br\/index.php\/wp-json\/wp\/v2\/users\/2"}],"replies":[{"embeddable":true,"href":"https:\/\/nazarenonews.com.br\/index.php\/wp-json\/wp\/v2\/comments?post=5968"}],"version-history":[{"count":1,"href":"https:\/\/nazarenonews.com.br\/index.php\/wp-json\/wp\/v2\/posts\/5968\/revisions"}],"predecessor-version":[{"id":5970,"href":"https:\/\/nazarenonews.com.br\/index.php\/wp-json\/wp\/v2\/posts\/5968\/revisions\/5970"}],"wp:featuredmedia":[{"embeddable":true,"href":"https:\/\/nazarenonews.com.br\/index.php\/wp-json\/wp\/v2\/media\/5969"}],"wp:attachment":[{"href":"https:\/\/nazarenonews.com.br\/index.php\/wp-json\/wp\/v2\/media?parent=5968"}],"wp:term":[{"taxonomy":"category","embeddable":true,"href":"https:\/\/nazarenonews.com.br\/index.php\/wp-json\/wp\/v2\/categories?post=5968"},{"taxonomy":"post_tag","embeddable":true,"href":"https:\/\/nazarenonews.com.br\/index.php\/wp-json\/wp\/v2\/tags?post=5968"}],"curies":[{"name":"wp","href":"https:\/\/api.w.org\/{rel}","templated":true}]}}