{"id":5965,"date":"2024-12-16T06:04:02","date_gmt":"2024-12-16T10:04:02","guid":{"rendered":"https:\/\/nazarenonews.com.br\/?p=5965"},"modified":"2024-12-16T09:26:56","modified_gmt":"2024-12-16T13:26:56","slug":"abilio-anuncia-exoneracao-em-massa-de-diretores-escolares-por-suposta-interferencia-politica","status":"publish","type":"post","link":"https:\/\/nazarenonews.com.br\/index.php\/2024\/12\/16\/abilio-anuncia-exoneracao-em-massa-de-diretores-escolares-por-suposta-interferencia-politica\/","title":{"rendered":"Abilio anuncia exonera\u00e7\u00e3o em massa de diretores escolares por suposta interfer\u00eancia pol\u00edtica"},"content":{"rendered":"\n<p>&nbsp;O prefeito eleito de Cuiab\u00e1, Abilio Brunini (PL), confirmou que exonerar\u00e1 todos os diretores das escolas municipais nos primeiros dias de sua gest\u00e3o, prevista para iniciar em janeiro de 2025.<\/p>\n\n\n\n<p>A decis\u00e3o, segundo ele, \u00e9 uma resposta \u00e0s den\u00fancias de uso pol\u00edtico das escolas durante o processo eleitoral.<\/p>\n\n\n\n<p>A pol\u00eamica envolve o atual vice-prefeito, Jos\u00e9 Roberto Stopa (PV), que, em v\u00eddeos compartilhados nas redes sociais, teria utilizado reuni\u00f5es em unidades escolares para pedir votos ao ex-candidato L\u00fadio Cabral (PT) no segundo turno das elei\u00e7\u00f5es.<\/p>\n\n\n\n<p>Abilio relembrou um epis\u00f3dio em que Stopa teria incentivado professores e diretores a fazer campanha dentro das escolas.<\/p>\n\n\n\n<p>\u201cVoc\u00eas lembram disso? Essa situa\u00e7\u00e3o \u00e9 o que nos provoca a fazer todas as mudan\u00e7as de diretores. N\u00f3s n\u00e3o queremos que se fa\u00e7a pol\u00edtica dentro das escolas\u201d, afirmou o prefeito eleito.<\/p>\n\n\n\n<p>Abilio explicou que, diante da impossibilidade de identificar com precis\u00e3o quais diretores participaram da campanha irregular, a decis\u00e3o foi de substituir todos os profissionais.<\/p>\n\n\n\n<p>Ele destacou, entretanto, que diretores bem avaliados e que n\u00e3o possuam liga\u00e7\u00f5es pol\u00edticas poder\u00e3o ser reconduzidos aos cargos.<\/p>\n\n\n\n<p>\u201cQuem \u00e9 o diretor que fez campanha para algu\u00e9m na escola? N\u00f3s n\u00e3o sabemos mensurar quem fez. Ent\u00e3o, a gente vai remover todo mundo e fazer um filtro melhor para escolher os profissionais que cuidem da educa\u00e7\u00e3o de forma imparcial e apartid\u00e1ria&#8221;, declarou.<\/p>\n\n\n\n<p>A den\u00fancia, que gerou repercuss\u00e3o na reta final das elei\u00e7\u00f5es municipais, levou a coliga\u00e7\u00e3o &#8220;Resgatando Cuiab\u00e1&#8221;, liderada por Abilio, a entrar com uma a\u00e7\u00e3o na Justi\u00e7a Eleitoral pedindo provid\u00eancias.<\/p>\n\n\n\n<p>Apesar das investiga\u00e7\u00f5es em curso, a exonera\u00e7\u00e3o ser\u00e1 aplicada de maneira geral, como parte de uma estrat\u00e9gia para \u201czerar\u201d poss\u00edveis interfer\u00eancias e dar in\u00edcio a uma gest\u00e3o alinhada \u00e0 neutralidade pol\u00edtica nas escolas municipais.<\/p>\n\n\n\n<p>Abilio refor\u00e7ou que sua prioridade \u00e9 garantir que o ambiente escolar esteja focado exclusivamente na educa\u00e7\u00e3o e longe de interesses partid\u00e1rios. &#8220;Os que forem bons e n\u00e3o ligados \u00e0 pol\u00edtica poder\u00e3o retornar&#8221;, concluiu.<\/p>\n\n\n\n<p>Folha do Estado <\/p>\n","protected":false},"excerpt":{"rendered":"<p>&nbsp;O prefeito eleito de Cuiab\u00e1, Abilio Brunini (PL), confirmou que exonerar\u00e1 todos os diretores das escolas municipais nos primeiros dias de sua gest\u00e3o, prevista para iniciar em janeiro de 2025. A decis\u00e3o, segundo ele, \u00e9 uma resposta \u00e0s den\u00fancias de uso pol\u00edtico das escolas durante o processo eleitoral. A pol\u00eamica envolve o atual vice-prefeito, Jos\u00e9 [&hellip;]<\/p>\n","protected":false},"author":2,"featured_media":5997,"comment_status":"closed","ping_status":"closed","sticky":false,"template":"","format":"standard","meta":{"_monsterinsights_skip_tracking":false,"_monsterinsights_sitenote_active":false,"_monsterinsights_sitenote_note":"","_monsterinsights_sitenote_category":0,"footnotes":""},"categories":[36,1,48],"tags":[],"_links":{"self":[{"href":"https:\/\/nazarenonews.com.br\/index.php\/wp-json\/wp\/v2\/posts\/5965"}],"collection":[{"href":"https:\/\/nazarenonews.com.br\/index.php\/wp-json\/wp\/v2\/posts"}],"about":[{"href":"https:\/\/nazarenonews.com.br\/index.php\/wp-json\/wp\/v2\/types\/post"}],"author":[{"embeddable":true,"href":"https:\/\/nazarenonews.com.br\/index.php\/wp-json\/wp\/v2\/users\/2"}],"replies":[{"embeddable":true,"href":"https:\/\/nazarenonews.com.br\/index.php\/wp-json\/wp\/v2\/comments?post=5965"}],"version-history":[{"count":1,"href":"https:\/\/nazarenonews.com.br\/index.php\/wp-json\/wp\/v2\/posts\/5965\/revisions"}],"predecessor-version":[{"id":5967,"href":"https:\/\/nazarenonews.com.br\/index.php\/wp-json\/wp\/v2\/posts\/5965\/revisions\/5967"}],"wp:featuredmedia":[{"embeddable":true,"href":"https:\/\/nazarenonews.com.br\/index.php\/wp-json\/wp\/v2\/media\/5997"}],"wp:attachment":[{"href":"https:\/\/nazarenonews.com.br\/index.php\/wp-json\/wp\/v2\/media?parent=5965"}],"wp:term":[{"taxonomy":"category","embeddable":true,"href":"https:\/\/nazarenonews.com.br\/index.php\/wp-json\/wp\/v2\/categories?post=5965"},{"taxonomy":"post_tag","embeddable":true,"href":"https:\/\/nazarenonews.com.br\/index.php\/wp-json\/wp\/v2\/tags?post=5965"}],"curies":[{"name":"wp","href":"https:\/\/api.w.org\/{rel}","templated":true}]}}