{"id":5956,"date":"2024-12-16T05:54:17","date_gmt":"2024-12-16T09:54:17","guid":{"rendered":"https:\/\/nazarenonews.com.br\/?p=5956"},"modified":"2024-12-16T09:17:07","modified_gmt":"2024-12-16T13:17:07","slug":"ruas-e-avenidas-de-cidade-de-mt-viram-rio-apos-forte-chuva","status":"publish","type":"post","link":"https:\/\/nazarenonews.com.br\/index.php\/2024\/12\/16\/ruas-e-avenidas-de-cidade-de-mt-viram-rio-apos-forte-chuva\/","title":{"rendered":"Ruas e avenidas de cidade de MT &#8220;viram rio&#8221; ap\u00f3s forte chuva"},"content":{"rendered":"\n<p>A forte chuva que atingiu Salto do C\u00e9u (371 km de Cuiab\u00e1), neste s\u00e1bado (14), alagou as principais ruas e avenidas da cidade. A situa\u00e7\u00e3o assustou moradores.&nbsp;<\/p>\n\n\n\n<p>Em um v\u00eddeo que circula nas redes sociais, \u00e9 poss\u00edvel ver o volume e a for\u00e7a das \u00e1guas.&nbsp;<\/p>\n\n\n\n<p>A principal avenida da cidade aparece alagada e diversos ve\u00edculos parados. Apesar do susto, n\u00e3o se tem informa\u00e7\u00f5es de feridos.<\/p>\n\n\n\n<p>Al\u00e9m disso, as imagens tamb\u00e9m registraram o aumento do volume de \u00e1gua na Cachoeira Central de Salto do C\u00e9u, que fica no per\u00edmetro urbano do munic\u00edpio.&nbsp;<\/p>\n\n\n\n<p>A previs\u00e3o do tempo para a semana \u00e9 de chuva forte at\u00e9 o final do ano.<\/p>\n\n\n\n<p>Rep\u00f3rter MT<\/p>\n","protected":false},"excerpt":{"rendered":"<p>A forte chuva que atingiu Salto do C\u00e9u (371 km de Cuiab\u00e1), neste s\u00e1bado (14), alagou as principais ruas e avenidas da cidade. A situa\u00e7\u00e3o assustou moradores.&nbsp; Em um v\u00eddeo que circula nas redes sociais, \u00e9 poss\u00edvel ver o volume e a for\u00e7a das \u00e1guas.&nbsp; A principal avenida da cidade aparece alagada e diversos ve\u00edculos [&hellip;]<\/p>\n","protected":false},"author":2,"featured_media":5994,"comment_status":"closed","ping_status":"closed","sticky":false,"template":"","format":"standard","meta":{"_monsterinsights_skip_tracking":false,"_monsterinsights_sitenote_active":false,"_monsterinsights_sitenote_note":"","_monsterinsights_sitenote_category":0,"footnotes":""},"categories":[1],"tags":[],"_links":{"self":[{"href":"https:\/\/nazarenonews.com.br\/index.php\/wp-json\/wp\/v2\/posts\/5956"}],"collection":[{"href":"https:\/\/nazarenonews.com.br\/index.php\/wp-json\/wp\/v2\/posts"}],"about":[{"href":"https:\/\/nazarenonews.com.br\/index.php\/wp-json\/wp\/v2\/types\/post"}],"author":[{"embeddable":true,"href":"https:\/\/nazarenonews.com.br\/index.php\/wp-json\/wp\/v2\/users\/2"}],"replies":[{"embeddable":true,"href":"https:\/\/nazarenonews.com.br\/index.php\/wp-json\/wp\/v2\/comments?post=5956"}],"version-history":[{"count":1,"href":"https:\/\/nazarenonews.com.br\/index.php\/wp-json\/wp\/v2\/posts\/5956\/revisions"}],"predecessor-version":[{"id":5958,"href":"https:\/\/nazarenonews.com.br\/index.php\/wp-json\/wp\/v2\/posts\/5956\/revisions\/5958"}],"wp:featuredmedia":[{"embeddable":true,"href":"https:\/\/nazarenonews.com.br\/index.php\/wp-json\/wp\/v2\/media\/5994"}],"wp:attachment":[{"href":"https:\/\/nazarenonews.com.br\/index.php\/wp-json\/wp\/v2\/media?parent=5956"}],"wp:term":[{"taxonomy":"category","embeddable":true,"href":"https:\/\/nazarenonews.com.br\/index.php\/wp-json\/wp\/v2\/categories?post=5956"},{"taxonomy":"post_tag","embeddable":true,"href":"https:\/\/nazarenonews.com.br\/index.php\/wp-json\/wp\/v2\/tags?post=5956"}],"curies":[{"name":"wp","href":"https:\/\/api.w.org\/{rel}","templated":true}]}}