{"id":4327,"date":"2024-11-17T08:48:17","date_gmt":"2024-11-17T12:48:17","guid":{"rendered":"https:\/\/nazarenonews.com.br\/?p=4327"},"modified":"2024-11-17T08:49:29","modified_gmt":"2024-11-17T12:49:29","slug":"odio-aos-judeus-explode-em-toda-a-europa-com-ondas-de-antissemitismo","status":"publish","type":"post","link":"https:\/\/nazarenonews.com.br\/index.php\/2024\/11\/17\/odio-aos-judeus-explode-em-toda-a-europa-com-ondas-de-antissemitismo\/","title":{"rendered":"\u00d3dio aos judeus explode em toda a Europa, com ondas de antissemitismo"},"content":{"rendered":"\n<p>No anivers\u00e1rio do massacre de 7 de outubro, um grupo de manifestantes pr\u00f3-Hamas realizou uma ora\u00e7\u00e3o p\u00fablica do lado de fora da Bolsa de Valores de Bruxelas, clamando para que Al\u00e1 \u201cqueime os judeus\u201d. A manifesta\u00e7\u00e3o, que reflete um crescente apoio ao Hamas e sentimentos anti-Israel, incluiu c\u00e2nticos de \u201cDo rio ao mar\u201d, que t\u00eam sido comuns em Bruxelas. Embora o Hamas esteja oficialmente designado como grupo terrorista pela Uni\u00e3o Europeia, entidades afiliadas ao movimento seguem ativas em v\u00e1rios pa\u00edses.<\/p>\n\n\n\n<p>Jo\u00ebl Rubinfeld, presidente da Liga Belga Contra o Antissemitismo, lamenta o aumento dram\u00e1tico do antissemitismo na Europa e diz que a atmosfera hostil em Bruxelas se assemelha a Gaza. \u201c\u00c9 um tsunami de antissemitismo se espalhando pelo Ocidente\u201d, declarou Rubinfeld. Segundo ele, judeus na B\u00e9lgica e em outras partes da Europa est\u00e3o considerando deixar seus pa\u00edses por medo de seguran\u00e7a. \u201cIsso \u00e9 um fracasso da democracia, um fracasso da B\u00e9lgica\u201d, desabafou.<\/p>\n\n\n\n<p>De acordo com a CBN, a Gr\u00e3-Bretanha tamb\u00e9m enfrenta um aumento alarmante em crimes antissemitas, que mais do que dobraram no \u00faltimo ano, enquanto Fran\u00e7a e Alemanha relatam aumento semelhante. O jornalista David Collier, um judeu brit\u00e2nico, declarou-se pessimista sobre o futuro dos judeus na Gr\u00e3-Bretanha, devido \u00e0 mudan\u00e7a demogr\u00e1fica e \u00e0 radicaliza\u00e7\u00e3o que ele observa na sociedade. Ele descreve a Europa como \u201cperdida\u201d em termos de seguran\u00e7a para os judeus e lamenta: \u201cSimplesmente n\u00e3o vejo um caminho de volta\u201d.<\/p>\n\n\n\n<p>Organiza\u00e7\u00f5es judaicas est\u00e3o recorrendo a endere\u00e7os secretos e seguran\u00e7as refor\u00e7adas. Gideon Falter, da Campanha Brit\u00e2nica Contra o Antissemitismo, acredita que o fen\u00f4meno seja consequ\u00eancia da \u201cradicaliza\u00e7\u00e3o da sociedade\u201d, onde, cada vez mais, a discrimina\u00e7\u00e3o contra judeus \u00e9 vista como \u201cjusta\u201d por alguns grupos.<\/p>\n\n\n\n<p>Gospel Prime<\/p>\n","protected":false},"excerpt":{"rendered":"<p>No anivers\u00e1rio do massacre de 7 de outubro, um grupo de manifestantes pr\u00f3-Hamas realizou uma ora\u00e7\u00e3o p\u00fablica do lado de fora da Bolsa de Valores de Bruxelas, clamando para que Al\u00e1 \u201cqueime os judeus\u201d. A manifesta\u00e7\u00e3o, que reflete um crescente apoio ao Hamas e sentimentos anti-Israel, incluiu c\u00e2nticos de \u201cDo rio ao mar\u201d, que t\u00eam [&hellip;]<\/p>\n","protected":false},"author":2,"featured_media":4330,"comment_status":"closed","ping_status":"closed","sticky":false,"template":"","format":"standard","meta":{"_monsterinsights_skip_tracking":false,"_monsterinsights_sitenote_active":false,"_monsterinsights_sitenote_note":"","_monsterinsights_sitenote_category":0,"footnotes":""},"categories":[38,49,1],"tags":[],"_links":{"self":[{"href":"https:\/\/nazarenonews.com.br\/index.php\/wp-json\/wp\/v2\/posts\/4327"}],"collection":[{"href":"https:\/\/nazarenonews.com.br\/index.php\/wp-json\/wp\/v2\/posts"}],"about":[{"href":"https:\/\/nazarenonews.com.br\/index.php\/wp-json\/wp\/v2\/types\/post"}],"author":[{"embeddable":true,"href":"https:\/\/nazarenonews.com.br\/index.php\/wp-json\/wp\/v2\/users\/2"}],"replies":[{"embeddable":true,"href":"https:\/\/nazarenonews.com.br\/index.php\/wp-json\/wp\/v2\/comments?post=4327"}],"version-history":[{"count":1,"href":"https:\/\/nazarenonews.com.br\/index.php\/wp-json\/wp\/v2\/posts\/4327\/revisions"}],"predecessor-version":[{"id":4329,"href":"https:\/\/nazarenonews.com.br\/index.php\/wp-json\/wp\/v2\/posts\/4327\/revisions\/4329"}],"wp:featuredmedia":[{"embeddable":true,"href":"https:\/\/nazarenonews.com.br\/index.php\/wp-json\/wp\/v2\/media\/4330"}],"wp:attachment":[{"href":"https:\/\/nazarenonews.com.br\/index.php\/wp-json\/wp\/v2\/media?parent=4327"}],"wp:term":[{"taxonomy":"category","embeddable":true,"href":"https:\/\/nazarenonews.com.br\/index.php\/wp-json\/wp\/v2\/categories?post=4327"},{"taxonomy":"post_tag","embeddable":true,"href":"https:\/\/nazarenonews.com.br\/index.php\/wp-json\/wp\/v2\/tags?post=4327"}],"curies":[{"name":"wp","href":"https:\/\/api.w.org\/{rel}","templated":true}]}}