{"id":4193,"date":"2024-11-11T19:04:31","date_gmt":"2024-11-11T23:04:31","guid":{"rendered":"https:\/\/nazarenonews.com.br\/?p=4193"},"modified":"2024-11-11T19:04:31","modified_gmt":"2024-11-11T23:04:31","slug":"abilio-anuncia-criacao-de-tres-novas-secretarias-e-mudanca-na-atuacao-das-pastas","status":"publish","type":"post","link":"https:\/\/nazarenonews.com.br\/index.php\/2024\/11\/11\/abilio-anuncia-criacao-de-tres-novas-secretarias-e-mudanca-na-atuacao-das-pastas\/","title":{"rendered":"Abilio anuncia cria\u00e7\u00e3o de tr\u00eas novas secretarias e mudan\u00e7a na atua\u00e7\u00e3o das pastas"},"content":{"rendered":"\n<p>O prefeito eleito por Cuiab\u00e1, Abilio Brunini (PL), anunciou na manh\u00e3 desta segunda-feira (11) a cria\u00e7\u00e3o de tr\u00eas novas secretarias em sua gest\u00e3o, a partir de 2025. S\u00e3o elas:&nbsp;<em><strong>Secretaria de Seguran\u00e7a P\u00fablica, Secretaria de Planejamento Urbano e a Secretaria da Causa Animal.<\/strong><\/em><\/p>\n\n\n\n<p>Al\u00e9m das novas pastas, Abilio disse que est\u00e1 reformulando o conceito e a atua\u00e7\u00e3o de todas as secretarias existentes. \u201cCada uma das secretarias a gente est\u00e1 estudando a reformula\u00e7\u00e3o do seu conceito\u201d, disse \u00e0 imprensa.<\/p>\n\n\n\n<p>A atua\u00e7\u00e3o da secretaria municipal de Seguran\u00e7a P\u00fablica dever\u00e1 ser focada na seguran\u00e7a patrimonial e na parceria com a Pol\u00edcia Militar e Secretaria Estadual de Seguran\u00e7a P\u00fablica (Sesp). Al\u00e9m disso, ele pretende criar a Guarda Municipal em Cuiab\u00e1, com a realiza\u00e7\u00e3o de concurso para a sele\u00e7\u00e3o dos profissionais.<\/p>\n\n\n\n<p>J\u00e1 na Secretaria de Planejamento Urbano, ele pretende lidar com obras, com o plano diretor e com o planejamento da mobilidade urbana. Nessa pasta, Abilio garantiu a contrata\u00e7\u00e3o de profissionais qualificados para a execu\u00e7\u00e3o dos servi\u00e7os, bem como para a melhoria do tr\u00e2nsito na capital. A atual Secretaria de Mobilidade Urbana (Semob), que cuida do tr\u00e2nsito hoje, segundo Abilio, passar\u00e1 a ficar respons\u00e1vel apenas pela fiscaliza\u00e7\u00e3o.<\/p>\n\n\n\n<p>Quanto \u00e0 Secretaria da Causa Animal, o prefeito eleito julgou necess\u00e1ria a cria\u00e7\u00e3o devido \u00e0 constru\u00e7\u00e3o do novo Hospital Municipal Veterin\u00e1rio, que j\u00e1 est\u00e1 em andamento. Atualmente, o munic\u00edpio conta com a secretaria-adjunta de Bem-Estar Animal, dentro da Secretaria Municipal de Meio Ambiente e Desenvolvimento Urbano e Sustent\u00e1vel (SMADESS), mas para Abilio, a fus\u00e3o dessas secretarias n\u00e3o significa efici\u00eancia, muito menos economia.<\/p>\n\n\n\n<p>Abilio mencionou tamb\u00e9m a Secretaria de Cultura, Esporte e Lazer, que dever\u00e1 ser desmembrada, por n\u00e3o ser eficiente e nem econ\u00f4mica.<\/p>\n\n\n\n<p>\u201cA adjunta da secretaria ela n\u00e3o \u00e9 eficiente na sua fun\u00e7\u00e3o, se ela n\u00e3o \u00e9 eficiente, ela n\u00e3o \u00e9 econ\u00f4mica, ela \u00e9 gastadora dos recursos, mas n\u00e3o consegue gerar efici\u00eancia necess\u00e1ria. Ent\u00e3o a gente est\u00e1 mensurando o que seria eficiente, o que seria devidamente econ\u00f4mico\u201d, explicou o prefeito eleito.<\/p>\n\n\n\n<p>Rep\u00f3rter MT<\/p>\n","protected":false},"excerpt":{"rendered":"<p>O prefeito eleito por Cuiab\u00e1, Abilio Brunini (PL), anunciou na manh\u00e3 desta segunda-feira (11) a cria\u00e7\u00e3o de tr\u00eas novas secretarias em sua gest\u00e3o, a partir de 2025. S\u00e3o elas:&nbsp;Secretaria de Seguran\u00e7a P\u00fablica, Secretaria de Planejamento Urbano e a Secretaria da Causa Animal. Al\u00e9m das novas pastas, Abilio disse que est\u00e1 reformulando o conceito e a [&hellip;]<\/p>\n","protected":false},"author":2,"featured_media":4033,"comment_status":"closed","ping_status":"closed","sticky":false,"template":"","format":"standard","meta":{"_monsterinsights_skip_tracking":false,"_monsterinsights_sitenote_active":false,"_monsterinsights_sitenote_note":"","_monsterinsights_sitenote_category":0,"footnotes":""},"categories":[1],"tags":[],"_links":{"self":[{"href":"https:\/\/nazarenonews.com.br\/index.php\/wp-json\/wp\/v2\/posts\/4193"}],"collection":[{"href":"https:\/\/nazarenonews.com.br\/index.php\/wp-json\/wp\/v2\/posts"}],"about":[{"href":"https:\/\/nazarenonews.com.br\/index.php\/wp-json\/wp\/v2\/types\/post"}],"author":[{"embeddable":true,"href":"https:\/\/nazarenonews.com.br\/index.php\/wp-json\/wp\/v2\/users\/2"}],"replies":[{"embeddable":true,"href":"https:\/\/nazarenonews.com.br\/index.php\/wp-json\/wp\/v2\/comments?post=4193"}],"version-history":[{"count":1,"href":"https:\/\/nazarenonews.com.br\/index.php\/wp-json\/wp\/v2\/posts\/4193\/revisions"}],"predecessor-version":[{"id":4194,"href":"https:\/\/nazarenonews.com.br\/index.php\/wp-json\/wp\/v2\/posts\/4193\/revisions\/4194"}],"wp:featuredmedia":[{"embeddable":true,"href":"https:\/\/nazarenonews.com.br\/index.php\/wp-json\/wp\/v2\/media\/4033"}],"wp:attachment":[{"href":"https:\/\/nazarenonews.com.br\/index.php\/wp-json\/wp\/v2\/media?parent=4193"}],"wp:term":[{"taxonomy":"category","embeddable":true,"href":"https:\/\/nazarenonews.com.br\/index.php\/wp-json\/wp\/v2\/categories?post=4193"},{"taxonomy":"post_tag","embeddable":true,"href":"https:\/\/nazarenonews.com.br\/index.php\/wp-json\/wp\/v2\/tags?post=4193"}],"curies":[{"name":"wp","href":"https:\/\/api.w.org\/{rel}","templated":true}]}}