{"id":3899,"date":"2024-10-27T10:32:10","date_gmt":"2024-10-27T14:32:10","guid":{"rendered":"https:\/\/nazarenonews.com.br\/?p=3899"},"modified":"2024-10-27T10:32:10","modified_gmt":"2024-10-27T14:32:10","slug":"mais-de-445-mil-eleitores-devem-ir-as-urnas-para-escolher-entre-abilio-e-ludio","status":"publish","type":"post","link":"https:\/\/nazarenonews.com.br\/index.php\/2024\/10\/27\/mais-de-445-mil-eleitores-devem-ir-as-urnas-para-escolher-entre-abilio-e-ludio\/","title":{"rendered":"Mais de 445 mil eleitores devem ir \u00e0s urnas para escolher entre Abilio e L\u00fadio"},"content":{"rendered":"\n<p>Mais de 445 mil eleitores devem ir \u00e0s urnas neste domingo (27), em Cuiab\u00e1, para escolher o pr\u00f3ximo prefeito. Disputam esse segundo turno, Abilio Brunini (PL) e L\u00fadio Cabral (PT).<\/p>\n\n\n\n<p>Conforme o Tribunal Regional Eleitoral (TRE-MT), na capital, 445.070 pessoas est\u00e3o aptas a votar para o cargo de prefeito. Deste total, 88,55%, isto \u00e9 394.118, pessoas possuem a biometria coletada.<\/p>\n\n\n\n<p>A disputa promete ser acirrada. Segundo os n\u00fameros da pesquisa AtlasIntel, a \u00fanica que acertou no primeiro turno, L\u00fadio est\u00e1 com 49,1% dos votos totais contra 48,8%do candidato Ab\u00edlio.<\/p>\n\n\n\n<p>Nas duas pesquisas anteriores da AtlasIntel, Ab\u00edlio liderava com margem apertada. Agora, L\u00fadio j\u00e1 teria passado o bolsonarista.<\/p>\n\n\n\n<p>A pesquisa aponta que 2,1% declararam voto branco \/ nulo ou n\u00e3o sabem em quem votar. A margem de erro \u00e9 de 3 pontos.<\/p>\n\n\n\n<p>Foram ouvidos 1.223 eleitores entre os dias 20 e 25 de outubro.<\/p>\n\n\n\n<p>De acordo com a presidente do TRE-MT, desembargadora Maria Aparecida Ribeiro, a apura\u00e7\u00e3o dos votos que eleger\u00e1 o pr\u00f3ximo prefeito de Cuiab\u00e1 deve ser conclu\u00edda em no m\u00e1ximo 30 minutos.<\/p>\n\n\n\n<p>A vota\u00e7\u00e3o ocorrer\u00e1 das 7h \u00e0s 16h.<\/p>\n\n\n\n<p><strong>Absten\u00e7\u00e3o<\/strong><\/p>\n\n\n\n<p>No primeiro turno, realizado em 06 de outubro, a absten\u00e7\u00e3o em Cuiab\u00e1 ficou em cerca de 23%, ou seja, 102.186 eleitores e eleitoras deixaram de votar.<\/p>\n\n\n\n<p>\u201c<em><strong>Precisamos que este \u00edndice seja menor e que as pessoas compare\u00e7am no 2\u00ba turno, pois a democracia depende da manifesta\u00e7\u00e3o do povo por meio do voto. Conclamamos aos eleitores e eleitoras que compare\u00e7am \u00e0s urnas e exer\u00e7am seu direito ao voto, escolham seu representante, que \u00e9 quem vai cuidar de quest\u00f5es fundamentais no seu munic\u00edpio. Que domingo seja um dia de paz, de sabedoria e de muitas b\u00ean\u00e7\u00e3os a quem vai participar, seja trabalhando, seja votando<\/strong><\/em>\u201d, ressaltou presidente do TRE-MT.<\/p>\n\n\n\n<p>Rep\u00f3rter MT<\/p>\n","protected":false},"excerpt":{"rendered":"<p>Mais de 445 mil eleitores devem ir \u00e0s urnas neste domingo (27), em Cuiab\u00e1, para escolher o pr\u00f3ximo prefeito. Disputam esse segundo turno, Abilio Brunini (PL) e L\u00fadio Cabral (PT). Conforme o Tribunal Regional Eleitoral (TRE-MT), na capital, 445.070 pessoas est\u00e3o aptas a votar para o cargo de prefeito. Deste total, 88,55%, isto \u00e9 394.118, [&hellip;]<\/p>\n","protected":false},"author":2,"featured_media":3900,"comment_status":"closed","ping_status":"closed","sticky":false,"template":"","format":"standard","meta":{"_monsterinsights_skip_tracking":false,"_monsterinsights_sitenote_active":false,"_monsterinsights_sitenote_note":"","_monsterinsights_sitenote_category":0,"footnotes":""},"categories":[1],"tags":[],"_links":{"self":[{"href":"https:\/\/nazarenonews.com.br\/index.php\/wp-json\/wp\/v2\/posts\/3899"}],"collection":[{"href":"https:\/\/nazarenonews.com.br\/index.php\/wp-json\/wp\/v2\/posts"}],"about":[{"href":"https:\/\/nazarenonews.com.br\/index.php\/wp-json\/wp\/v2\/types\/post"}],"author":[{"embeddable":true,"href":"https:\/\/nazarenonews.com.br\/index.php\/wp-json\/wp\/v2\/users\/2"}],"replies":[{"embeddable":true,"href":"https:\/\/nazarenonews.com.br\/index.php\/wp-json\/wp\/v2\/comments?post=3899"}],"version-history":[{"count":1,"href":"https:\/\/nazarenonews.com.br\/index.php\/wp-json\/wp\/v2\/posts\/3899\/revisions"}],"predecessor-version":[{"id":3901,"href":"https:\/\/nazarenonews.com.br\/index.php\/wp-json\/wp\/v2\/posts\/3899\/revisions\/3901"}],"wp:featuredmedia":[{"embeddable":true,"href":"https:\/\/nazarenonews.com.br\/index.php\/wp-json\/wp\/v2\/media\/3900"}],"wp:attachment":[{"href":"https:\/\/nazarenonews.com.br\/index.php\/wp-json\/wp\/v2\/media?parent=3899"}],"wp:term":[{"taxonomy":"category","embeddable":true,"href":"https:\/\/nazarenonews.com.br\/index.php\/wp-json\/wp\/v2\/categories?post=3899"},{"taxonomy":"post_tag","embeddable":true,"href":"https:\/\/nazarenonews.com.br\/index.php\/wp-json\/wp\/v2\/tags?post=3899"}],"curies":[{"name":"wp","href":"https:\/\/api.w.org\/{rel}","templated":true}]}}