{"id":3680,"date":"2024-10-16T07:55:41","date_gmt":"2024-10-16T11:55:41","guid":{"rendered":"https:\/\/nazarenonews.com.br\/?p=3680"},"modified":"2024-10-16T07:55:41","modified_gmt":"2024-10-16T11:55:41","slug":"assassino-de-envolvimento-em-chacina-que-matou-7-pessoas-em-bar-de-sinop-mt-e-condenado-a-136-anos","status":"publish","type":"post","link":"https:\/\/nazarenonews.com.br\/index.php\/2024\/10\/16\/assassino-de-envolvimento-em-chacina-que-matou-7-pessoas-em-bar-de-sinop-mt-e-condenado-a-136-anos\/","title":{"rendered":"Assassino de envolvimento em chacina que matou 7 pessoas em bar de Sinop (MT) \u00e9 condenado a 136 anos"},"content":{"rendered":"\n<p>Edgar Ricardo de Oliveira, foi condenado a 136 anos, 3 meses e 20 dias de pris\u00e3o em regime fechado, al\u00e9m de 32 dias-multa pela autoria da chacina que deixou sete mortos em um bar de&nbsp;<a class=\"\" href=\"https:\/\/g1.globo.com\/mt\/mato-grosso\/cidade\/sinop\/\">Sinop<\/a>, a 503 km de Cuiab\u00e1, em fevereiro de 2023. Ele foi a j\u00fari nesta ter\u00e7a-feira (15). Ele tamb\u00e9m foi condenado a indenizar as fam\u00edlias das v\u00edtimas no valor de R$ 200 mil, divido igualmente.<\/p>\n\n\n\n<p>Durante a leitura da senten\u00e7a, a ju\u00edza Ros\u00e2ngela Zacarkim dos Santos, da 1\u00aa Vara Criminal da Comarca, mencionou as qualificadoras homic\u00eddio qualificado por motivo torpe, meio cruel que resultou perigo comum e recurso que dificultou defesa das v\u00edtimas por seis vezes, furto e roubo majorado com uso de arma de fogo como agravante.<\/p>\n\n\n\n<p>A primeira pessoa a prestar depoimento foi a m\u00e3e e esposa das v\u00edtimas Larissa Fras\u00e3o de Almeida, de 12 anos, e Get\u00falio Rodrigues Fras\u00e3o J\u00fanior, de 36 anos, que narrou a sequ\u00eancia dos fatos, no dia do crime.<\/p>\n\n\n\n<p>Ao relembrar o caso, a testemunha Raquel afirmou que pensava que tamb\u00e9m iria morrer e que imaginou, no calor do momento, que Larissa tinha se salvado, j\u00e1 que, durante o tiroteio, ela conseguiu correr do bar, mas morreu ap\u00f3s ser atingida por um tiro nas costas.<\/p>\n\n\n\n<p><strong>&#8220;Ele [Edgar] disparou, mas a arma estava descarregada&#8230;eu s\u00f3 n\u00e3o morri porque a bala acabou&#8221;, relembra.<\/strong><\/p>\n\n\n\n<p>Por outro lado, Edgar alegou que, no dia da chacina, decidiu que iria \u00e0 ch\u00e1cara levar ra\u00e7\u00e3o para os peixes, mas ao parar em uma casa agropecu\u00e1ria, n\u00e3o encontrou o produto. No entanto, ele decidiu ir ao jogo com Ezequias Souza Ribeiro, que tamb\u00e9m participou da chacina. Ezequias morreu um dia depois do crime, durante confronto com a Pol\u00edcia Militar.<\/p>\n\n\n\n<p>Mas, ao ser questionado se foi ao jogo por causa de dinheiro, ele alegou que era empres\u00e1rio e tocava v\u00e1rias obras ao mesmo tempo, n\u00e3o precisando do dinheiro oriundo de disputas.<\/p>\n\n\n\n<p>Durante o depoimento, ele argumentou que n\u00e3o \u00e9 verdade a informa\u00e7\u00e3o de que ele e Ezequias sa\u00edram matando as v\u00edtimas sem precedentes, declarando que<strong>\u00a0\u201cn\u00e3o \u00e9 assim, ningu\u00e9m morre de gra\u00e7a&#8221;.<\/strong><\/p>\n\n\n\n<p>O investigador da defesa civil, Wilson Candido de Souza, tamb\u00e9m prestou depoimento sobre as investiga\u00e7\u00f5es. Ele conta que em 24 anos de profiss\u00e3o, nunca viu tanta frieza em um crime.<\/p>\n\n\n\n<p>O investigador tamb\u00e9m refor\u00e7ou que o motivo da execu\u00e7\u00e3o foi &#8220;preju\u00edzo material do jogo\u201d. Interrogado pelo defensor na viatura, Edgar informalmente disse que n\u00e3o tinha inten\u00e7\u00e3o de matar a menina, o defensor consegue extrair da testemunha de que a menina teria sido atingida por &#8220;balins&#8221; pequenas esferas do cartucho de calibre 12 que se espalham.<\/p>\n\n\n\n<p>Edgar Ricardo de Oliveira e Ezequias Souza Ribeiro executaram as v\u00edtimas ap\u00f3s uma partida de sinuca, em fevereiro de 2023. Ezequias morreu um dia depois do crime, durante confronto com a Pol\u00edcia Militar.<\/p>\n\n\n\n<p>A ju\u00edza chamou 25 jurados titulares convocados, e sete jurados julgam o caso.<\/p>\n\n\n\n<p>Edgar foi denunciado pelo Minist\u00e9rio P\u00fablico de Mato Grosso (MPMT) e&nbsp;<strong>responde por sete homic\u00eddios qualificados, incluindo da adolescente, furto e roubo mediante amea\u00e7a grave.&nbsp;<\/strong>De acordo com o Tribunal de Justi\u00e7a de Mato Grosso (TJMT), ele participar\u00e1 do julgamento por videoconfer\u00eancia e n\u00e3o h\u00e1 previs\u00e3o para a dura\u00e7\u00e3o, podendo se estender at\u00e9 a madrugada desta quarta-feira (16).<\/p>\n\n\n\n<p>O r\u00e9u est\u00e1 preso preventivamente na Penitenci\u00e1ria Central de Mato Grosso (PCE), na capital, e conforme o TJMT, ele afirmou n\u00e3o ter interesse em participar de maneira presencial. J\u00e1 a defesa, patrocinada pela Defensoria P\u00fablica Estadual, estar\u00e1 no plen\u00e1rio do j\u00fari. Edgar ter\u00e1 acesso \u00e0 entrevista particular com o defensor, antes e durante o julgamento.<\/p>\n\n\n\n<p>Esta \u00e9 a terceira data marcada para o julgamento. A princ\u00edpio, o j\u00fari havia sido definido pela primeira vez para o dia 18 de junho deste ano, mas a Justi\u00e7a de Mato Grosso acatou o pedido da Defensoria P\u00fablica e remarcou para 5 de novembro, devido a sa\u00edda do advogado Marcos Vinicius Borges do caso.<\/p>\n\n\n\n<p>O promotor de Justi\u00e7a, que atua no caso, informou ao ju\u00edzo que estar\u00e1 de f\u00e9rias entre 29 de outubro \u00e0 22 de novembro. A ju\u00edza destacou a impossibilidade de designa\u00e7\u00e3o de um promotor substituto e antecipou o julgamento para esta ter\u00e7a-feira.<\/p>\n\n\n\n<p>Nazareno News\/G1-MT<\/p>\n","protected":false},"excerpt":{"rendered":"<p>Edgar Ricardo de Oliveira, foi condenado a 136 anos, 3 meses e 20 dias de pris\u00e3o em regime fechado, al\u00e9m de 32 dias-multa pela autoria da chacina que deixou sete mortos em um bar de&nbsp;Sinop, a 503 km de Cuiab\u00e1, em fevereiro de 2023. Ele foi a j\u00fari nesta ter\u00e7a-feira (15). Ele tamb\u00e9m foi condenado [&hellip;]<\/p>\n","protected":false},"author":2,"featured_media":3681,"comment_status":"closed","ping_status":"closed","sticky":false,"template":"","format":"standard","meta":{"_monsterinsights_skip_tracking":false,"_monsterinsights_sitenote_active":false,"_monsterinsights_sitenote_note":"","_monsterinsights_sitenote_category":0,"footnotes":""},"categories":[1],"tags":[],"_links":{"self":[{"href":"https:\/\/nazarenonews.com.br\/index.php\/wp-json\/wp\/v2\/posts\/3680"}],"collection":[{"href":"https:\/\/nazarenonews.com.br\/index.php\/wp-json\/wp\/v2\/posts"}],"about":[{"href":"https:\/\/nazarenonews.com.br\/index.php\/wp-json\/wp\/v2\/types\/post"}],"author":[{"embeddable":true,"href":"https:\/\/nazarenonews.com.br\/index.php\/wp-json\/wp\/v2\/users\/2"}],"replies":[{"embeddable":true,"href":"https:\/\/nazarenonews.com.br\/index.php\/wp-json\/wp\/v2\/comments?post=3680"}],"version-history":[{"count":1,"href":"https:\/\/nazarenonews.com.br\/index.php\/wp-json\/wp\/v2\/posts\/3680\/revisions"}],"predecessor-version":[{"id":3682,"href":"https:\/\/nazarenonews.com.br\/index.php\/wp-json\/wp\/v2\/posts\/3680\/revisions\/3682"}],"wp:featuredmedia":[{"embeddable":true,"href":"https:\/\/nazarenonews.com.br\/index.php\/wp-json\/wp\/v2\/media\/3681"}],"wp:attachment":[{"href":"https:\/\/nazarenonews.com.br\/index.php\/wp-json\/wp\/v2\/media?parent=3680"}],"wp:term":[{"taxonomy":"category","embeddable":true,"href":"https:\/\/nazarenonews.com.br\/index.php\/wp-json\/wp\/v2\/categories?post=3680"},{"taxonomy":"post_tag","embeddable":true,"href":"https:\/\/nazarenonews.com.br\/index.php\/wp-json\/wp\/v2\/tags?post=3680"}],"curies":[{"name":"wp","href":"https:\/\/api.w.org\/{rel}","templated":true}]}}