{"id":3602,"date":"2024-10-10T20:10:35","date_gmt":"2024-10-11T00:10:35","guid":{"rendered":"https:\/\/nazarenonews.com.br\/?p=3602"},"modified":"2024-10-10T20:10:35","modified_gmt":"2024-10-11T00:10:35","slug":"palavra-do-presidente-a-paz-em-deus-que-excede-todo-entendimento","status":"publish","type":"post","link":"https:\/\/nazarenonews.com.br\/index.php\/2024\/10\/10\/palavra-do-presidente-a-paz-em-deus-que-excede-todo-entendimento\/","title":{"rendered":"Palavra do Presidente: A Paz em Deus que Excede Todo Entendimento"},"content":{"rendered":"\n<p>A paz. Uma palavra t\u00e3o simples e, ao mesmo tempo, t\u00e3o profunda. No mundo em que vivemos, onde diariamente somos bombardeados por not\u00edcias de crises, conflitos e desafios pessoais, a paz parece ser um tesouro raro e inalcan\u00e7\u00e1vel. No entanto, as Escrituras nos lembram que h\u00e1 uma paz que vai al\u00e9m de qualquer compreens\u00e3o humana, uma paz que n\u00e3o depende das circunst\u00e2ncias externas, mas que vem diretamente de Deus.<\/p>\n\n\n\n<p>O ap\u00f3stolo Paulo, em sua carta aos Filipenses, nos diz:<br><em>&#8220;E a paz de Deus, que excede todo o entendimento, guardar\u00e1 os vossos cora\u00e7\u00f5es e as vossas mentes em Cristo Jesus&#8221; (Filipenses 4:7).<\/em><\/p>\n\n\n\n<p>Este vers\u00edculo nos convida a refletir sobre a verdadeira fonte da paz. Ao contr\u00e1rio do que o mundo oferece, a paz que vem de Deus n\u00e3o \u00e9 condicionada pela aus\u00eancia de problemas, mas pela presen\u00e7a do pr\u00f3prio Cristo em nossas vidas. \u00c9 uma paz que atua como um guardi\u00e3o sobre nossos cora\u00e7\u00f5es e mentes, protegendo-nos do medo, da ansiedade e da desesperan\u00e7a.<\/p>\n\n\n\n<p>Muitas vezes, n\u00f3s, como seres humanos, tentamos controlar as situa\u00e7\u00f5es \u00e0 nossa volta na esperan\u00e7a de alcan\u00e7ar essa paz. Procuramos respostas, solu\u00e7\u00f5es imediatas ou at\u00e9 mesmo fugas moment\u00e2neas. Mas a verdade \u00e9 que somente ao nos rendermos a Deus, confiando plenamente em Sua vontade, conseguimos experimentar essa paz que excede o entendimento.<\/p>\n\n\n\n<p>Jesus nos ensina que, em meio \u00e0s adversidades, podemos encontrar descanso n\u2019Ele. Em Jo\u00e3o 16:33, Ele diz:<br><em>&#8220;Tenho-vos dito isto, para que em mim tenhais paz; no mundo tereis afli\u00e7\u00f5es, mas tende bom \u00e2nimo, eu venci o mundo&#8221;.<\/em><\/p>\n\n\n\n<p>O pr\u00f3prio Cristo nos garante que, embora as tribula\u00e7\u00f5es fa\u00e7am parte da nossa jornada terrena, podemos permanecer em paz, pois Ele venceu o mundo. Esse \u00e9 o segredo de uma vida de f\u00e9 e descanso em Deus: saber que n\u00e3o estamos sozinhos nas batalhas, que o nosso Salvador j\u00e1 triunfou e que, por meio d\u2019Ele, tamb\u00e9m somos mais que vencedores.<\/p>\n\n\n\n<p>No pastoreio da Igreja Assembleia de Deus em Cuiab\u00e1 e regi\u00e3o, tenho visto muitas vidas sendo transformadas pelo poder dessa paz. Fam\u00edlias restauradas, cora\u00e7\u00f5es curados, esperan\u00e7as renovadas \u2014 tudo porque permitiram que a paz de Cristo reinasse em seus cora\u00e7\u00f5es. O que o mundo n\u00e3o pode oferecer, Deus nos d\u00e1 gratuitamente quando nos achegamos a Ele com confian\u00e7a e f\u00e9.<\/p>\n\n\n\n<p>Queridos irm\u00e3os e irm\u00e3s, minha ora\u00e7\u00e3o \u00e9 que voc\u00eas possam viver essa paz em cada \u00e1rea de suas vidas. Que, em momentos de dificuldades, possamos sempre lembrar que o Senhor est\u00e1 no controle, e que nada escapa de Suas m\u00e3os. Sua paz, que transcende o entendimento humano, nos dar\u00e1 a serenidade e a for\u00e7a para enfrentarmos cada dia com confian\u00e7a.<\/p>\n\n\n\n<p>O mundo pode estar cheio de incertezas, mas em Cristo encontramos seguran\u00e7a e paz. Que essa paz guarde o seu cora\u00e7\u00e3o e a sua mente hoje e sempre.<\/p>\n\n\n\n<p>Que Deus aben\u00e7oe cada um de voc\u00eas!<\/p>\n\n\n\n<p><strong>Pastor Silas Paulo de Souza<\/strong><br>Presidente da Igreja Evang\u00e9lica Assembleia de Deus de Cuiab\u00e1 e Regi\u00e3o<\/p>\n","protected":false},"excerpt":{"rendered":"<p>A paz. Uma palavra t\u00e3o simples e, ao mesmo tempo, t\u00e3o profunda. No mundo em que vivemos, onde diariamente somos bombardeados por not\u00edcias de crises, conflitos e desafios pessoais, a paz parece ser um tesouro raro e inalcan\u00e7\u00e1vel. No entanto, as Escrituras nos lembram que h\u00e1 uma paz que vai al\u00e9m de qualquer compreens\u00e3o humana, [&hellip;]<\/p>\n","protected":false},"author":2,"featured_media":3604,"comment_status":"closed","ping_status":"closed","sticky":false,"template":"","format":"standard","meta":{"_monsterinsights_skip_tracking":false,"_monsterinsights_sitenote_active":false,"_monsterinsights_sitenote_note":"","_monsterinsights_sitenote_category":0,"footnotes":""},"categories":[47,45,44,1],"tags":[],"_links":{"self":[{"href":"https:\/\/nazarenonews.com.br\/index.php\/wp-json\/wp\/v2\/posts\/3602"}],"collection":[{"href":"https:\/\/nazarenonews.com.br\/index.php\/wp-json\/wp\/v2\/posts"}],"about":[{"href":"https:\/\/nazarenonews.com.br\/index.php\/wp-json\/wp\/v2\/types\/post"}],"author":[{"embeddable":true,"href":"https:\/\/nazarenonews.com.br\/index.php\/wp-json\/wp\/v2\/users\/2"}],"replies":[{"embeddable":true,"href":"https:\/\/nazarenonews.com.br\/index.php\/wp-json\/wp\/v2\/comments?post=3602"}],"version-history":[{"count":1,"href":"https:\/\/nazarenonews.com.br\/index.php\/wp-json\/wp\/v2\/posts\/3602\/revisions"}],"predecessor-version":[{"id":3605,"href":"https:\/\/nazarenonews.com.br\/index.php\/wp-json\/wp\/v2\/posts\/3602\/revisions\/3605"}],"wp:featuredmedia":[{"embeddable":true,"href":"https:\/\/nazarenonews.com.br\/index.php\/wp-json\/wp\/v2\/media\/3604"}],"wp:attachment":[{"href":"https:\/\/nazarenonews.com.br\/index.php\/wp-json\/wp\/v2\/media?parent=3602"}],"wp:term":[{"taxonomy":"category","embeddable":true,"href":"https:\/\/nazarenonews.com.br\/index.php\/wp-json\/wp\/v2\/categories?post=3602"},{"taxonomy":"post_tag","embeddable":true,"href":"https:\/\/nazarenonews.com.br\/index.php\/wp-json\/wp\/v2\/tags?post=3602"}],"curies":[{"name":"wp","href":"https:\/\/api.w.org\/{rel}","templated":true}]}}