{"id":3306,"date":"2024-09-29T15:30:07","date_gmt":"2024-09-29T19:30:07","guid":{"rendered":"https:\/\/nazarenonews.com.br\/?p=3306"},"modified":"2024-09-29T15:30:08","modified_gmt":"2024-09-29T19:30:08","slug":"ato-contra-moraes-em-bh-pede-que-pacheco-aceite-pedido-de-impeachment","status":"publish","type":"post","link":"https:\/\/nazarenonews.com.br\/index.php\/2024\/09\/29\/ato-contra-moraes-em-bh-pede-que-pacheco-aceite-pedido-de-impeachment\/","title":{"rendered":"Ato contra Moraes em BH pede que Pacheco aceite pedido de impeachment"},"content":{"rendered":"\n<p>Uma manifesta\u00e7\u00e3o contra o ministro do Supremo Tribunal Federal (STF), Alexandre de Moraes, aconteceu na na manh\u00e3 deste domingo (29) na Pra\u00e7a da Liberdade, em Belo Horizonte. Os manifestantes pediam que o presidente do Senado, Rodrigo Pacheco, aceite o pedido de impeachment contra Moraes. Foi falado sobre a necessidade da direita se organizar e protestar contra injusti\u00e7as do poder Judici\u00e1rio. <\/p>\n\n\n\n<p>O ato contou com a presen\u00e7a de pol\u00edticos, como o senador Cleitinho (Republicanos) e o deputado federal Nikolas Ferreira (PL). Os senadores Magno Malta (PL-ES) e Eduardo Gir\u00e3o (Novo-CE), al\u00e9m dos deputados Bia Kicis (PL-DF) e Marcel Van Hatten (Novo-RS) tamb\u00e9m estiveram presentes. O candidato \u00e0 Prefeitura de Belo Horizonte, Bruno Engler (PL), estava no ato. Sua assessoria informou que ele foi como cidad\u00e3o acompanhar a manifesta\u00e7\u00e3o, e n\u00e3o como candidato.\u00a0<a href=\"https:\/\/stories.cnnbrasil.com.br\/politica\/multas-do-x-foram-pagas-mas-site-continua-suspenso-no-brasil-entenda\/\" target=\"_blank\" rel=\"noreferrer noopener\">https:\/\/stories.cnnbrasil.com.br\/politica\/multas-do-x-foram-pagas-mas-site-continua-suspenso-no-brasil-entenda\/<\/a><\/p>\n\n\n\n<p>CNN Brasil<\/p>\n","protected":false},"excerpt":{"rendered":"<p>Uma manifesta\u00e7\u00e3o contra o ministro do Supremo Tribunal Federal (STF), Alexandre de Moraes, aconteceu na na manh\u00e3 deste domingo (29) na Pra\u00e7a da Liberdade, em Belo Horizonte. Os manifestantes pediam que o presidente do Senado, Rodrigo Pacheco, aceite o pedido de impeachment contra Moraes. Foi falado sobre a necessidade da direita se organizar e protestar [&hellip;]<\/p>\n","protected":false},"author":2,"featured_media":3307,"comment_status":"closed","ping_status":"closed","sticky":false,"template":"","format":"standard","meta":{"_monsterinsights_skip_tracking":false,"_monsterinsights_sitenote_active":false,"_monsterinsights_sitenote_note":"","_monsterinsights_sitenote_category":0,"footnotes":""},"categories":[50,1,48],"tags":[],"_links":{"self":[{"href":"https:\/\/nazarenonews.com.br\/index.php\/wp-json\/wp\/v2\/posts\/3306"}],"collection":[{"href":"https:\/\/nazarenonews.com.br\/index.php\/wp-json\/wp\/v2\/posts"}],"about":[{"href":"https:\/\/nazarenonews.com.br\/index.php\/wp-json\/wp\/v2\/types\/post"}],"author":[{"embeddable":true,"href":"https:\/\/nazarenonews.com.br\/index.php\/wp-json\/wp\/v2\/users\/2"}],"replies":[{"embeddable":true,"href":"https:\/\/nazarenonews.com.br\/index.php\/wp-json\/wp\/v2\/comments?post=3306"}],"version-history":[{"count":1,"href":"https:\/\/nazarenonews.com.br\/index.php\/wp-json\/wp\/v2\/posts\/3306\/revisions"}],"predecessor-version":[{"id":3308,"href":"https:\/\/nazarenonews.com.br\/index.php\/wp-json\/wp\/v2\/posts\/3306\/revisions\/3308"}],"wp:featuredmedia":[{"embeddable":true,"href":"https:\/\/nazarenonews.com.br\/index.php\/wp-json\/wp\/v2\/media\/3307"}],"wp:attachment":[{"href":"https:\/\/nazarenonews.com.br\/index.php\/wp-json\/wp\/v2\/media?parent=3306"}],"wp:term":[{"taxonomy":"category","embeddable":true,"href":"https:\/\/nazarenonews.com.br\/index.php\/wp-json\/wp\/v2\/categories?post=3306"},{"taxonomy":"post_tag","embeddable":true,"href":"https:\/\/nazarenonews.com.br\/index.php\/wp-json\/wp\/v2\/tags?post=3306"}],"curies":[{"name":"wp","href":"https:\/\/api.w.org\/{rel}","templated":true}]}}