{"id":3303,"date":"2024-09-29T15:27:51","date_gmt":"2024-09-29T19:27:51","guid":{"rendered":"https:\/\/nazarenonews.com.br\/?p=3303"},"modified":"2024-09-29T15:27:51","modified_gmt":"2024-09-29T19:27:51","slug":"tres-dos-cinco-mortos-em-confronto-com-prf-em-garimpo-ilegal-sao-identificados","status":"publish","type":"post","link":"https:\/\/nazarenonews.com.br\/index.php\/2024\/09\/29\/tres-dos-cinco-mortos-em-confronto-com-prf-em-garimpo-ilegal-sao-identificados\/","title":{"rendered":"Tr\u00eas dos cinco mortos em confronto com PRF em garimpo ilegal s\u00e3o identificados"},"content":{"rendered":"\n<p>A Per\u00edcia Oficial e Identifica\u00e7\u00e3o T\u00e9cnica (Politec) identificou, nesse s\u00e1bado (28), tr\u00eas dos cinco criminosos que morreram durante um confronto com agentes da Pol\u00edcia Rodovi\u00e1ria Federal e Instituto Brasileiro do Meio Ambiente e dos Recursos Naturais Renov\u00e1veis (Ibama) em um garimpo ilegal na Terra Ind\u00edgena Sarar\u00e9, em Pontes e Lacerda.<\/p>\n\n\n\n<p>Os garimpeiros mortos s\u00e3o: Elivelton Sales Pinho, de 31 anos, Iterlan da Silva Souza, de 29 anos e Wellington Souza Monteiro, de 25 anos.<\/p>\n\n\n\n<p>De acordo com a PRF, os agentes realizavam uma fiscaliza\u00e7\u00e3o no garimpo ilegal instalado no territ\u00f3rio ind\u00edgena. Ao perceberem a chegada dos policiais, os garimpeiros reagiram, dando in\u00edcio \u00e0 troca de tiros.<\/p>\n\n\n\n<p>No confronto, cinco dos bandidos morreram. Nenhum dos agentes se feriu .<\/p>\n\n\n\n<p>Em checagem, conforme a Politec, Iterlan e Wellington eram do Par\u00e1. J\u00e1 Elivelton era do Maranh\u00e3o.<\/p>\n\n\n\n<p>No local foram apreendidos um fuzil, uma submetralhadora, duas pistolas, uma espingarda calibre 12, mais carregadores e muni\u00e7\u00e3o.<\/p>\n","protected":false},"excerpt":{"rendered":"<p>A Per\u00edcia Oficial e Identifica\u00e7\u00e3o T\u00e9cnica (Politec) identificou, nesse s\u00e1bado (28), tr\u00eas dos cinco criminosos que morreram durante um confronto com agentes da Pol\u00edcia Rodovi\u00e1ria Federal e Instituto Brasileiro do Meio Ambiente e dos Recursos Naturais Renov\u00e1veis (Ibama) em um garimpo ilegal na Terra Ind\u00edgena Sarar\u00e9, em Pontes e Lacerda. Os garimpeiros mortos s\u00e3o: Elivelton [&hellip;]<\/p>\n","protected":false},"author":2,"featured_media":3304,"comment_status":"closed","ping_status":"closed","sticky":false,"template":"","format":"standard","meta":{"_monsterinsights_skip_tracking":false,"_monsterinsights_sitenote_active":false,"_monsterinsights_sitenote_note":"","_monsterinsights_sitenote_category":0,"footnotes":""},"categories":[1],"tags":[],"_links":{"self":[{"href":"https:\/\/nazarenonews.com.br\/index.php\/wp-json\/wp\/v2\/posts\/3303"}],"collection":[{"href":"https:\/\/nazarenonews.com.br\/index.php\/wp-json\/wp\/v2\/posts"}],"about":[{"href":"https:\/\/nazarenonews.com.br\/index.php\/wp-json\/wp\/v2\/types\/post"}],"author":[{"embeddable":true,"href":"https:\/\/nazarenonews.com.br\/index.php\/wp-json\/wp\/v2\/users\/2"}],"replies":[{"embeddable":true,"href":"https:\/\/nazarenonews.com.br\/index.php\/wp-json\/wp\/v2\/comments?post=3303"}],"version-history":[{"count":1,"href":"https:\/\/nazarenonews.com.br\/index.php\/wp-json\/wp\/v2\/posts\/3303\/revisions"}],"predecessor-version":[{"id":3305,"href":"https:\/\/nazarenonews.com.br\/index.php\/wp-json\/wp\/v2\/posts\/3303\/revisions\/3305"}],"wp:featuredmedia":[{"embeddable":true,"href":"https:\/\/nazarenonews.com.br\/index.php\/wp-json\/wp\/v2\/media\/3304"}],"wp:attachment":[{"href":"https:\/\/nazarenonews.com.br\/index.php\/wp-json\/wp\/v2\/media?parent=3303"}],"wp:term":[{"taxonomy":"category","embeddable":true,"href":"https:\/\/nazarenonews.com.br\/index.php\/wp-json\/wp\/v2\/categories?post=3303"},{"taxonomy":"post_tag","embeddable":true,"href":"https:\/\/nazarenonews.com.br\/index.php\/wp-json\/wp\/v2\/tags?post=3303"}],"curies":[{"name":"wp","href":"https:\/\/api.w.org\/{rel}","templated":true}]}}