{"id":3300,"date":"2024-09-29T15:25:33","date_gmt":"2024-09-29T19:25:33","guid":{"rendered":"https:\/\/nazarenonews.com.br\/?p=3300"},"modified":"2024-09-29T15:25:34","modified_gmt":"2024-09-29T19:25:34","slug":"advogado-e-preso-suspeito-de-matar-empresaria-encontrada-afogada-em-lago-de-mt","status":"publish","type":"post","link":"https:\/\/nazarenonews.com.br\/index.php\/2024\/09\/29\/advogado-e-preso-suspeito-de-matar-empresaria-encontrada-afogada-em-lago-de-mt\/","title":{"rendered":"Advogado \u00e9 preso suspeito de matar empres\u00e1ria encontrada afogada em lago de MT"},"content":{"rendered":"\n<p>O advogado Cleber Figueiredo Lagreca foi preso pela Pol\u00edcia Civil, nesse s\u00e1bado em&nbsp;<a class=\"\" href=\"https:\/\/g1.globo.com\/mt\/mato-grosso\/cidade\/cuiaba\/\">Cuiab\u00e1<\/a>, suspeito de matar a empres\u00e1ria&nbsp;<a class=\"\" href=\"https:\/\/g1.globo.com\/mt\/mato-grosso\/noticia\/2023\/10\/20\/mulher-morre-afogada-ao-pular-de-barco-em-movimento-para-tomar-banho-em-lago-de-chapada-dos-guimaraes-mt.ghtml\"><strong>Elaine Stelatto Marques, de 45 anos<\/strong><\/a>, em 2023. A pris\u00e3o ocorreu ap\u00f3s a pol\u00edcia divulgar um<a class=\"\" href=\"https:\/\/g1.globo.com\/mt\/mato-grosso\/noticia\/2024\/09\/28\/suspeito-de-envolvimento-na-morte-de-empresaria-em-lago-de-mt-e-procurado-pela-policia.ghtml\">&nbsp;cartaz procurando pelo suspeito de feminic\u00eddio<\/a>.<\/p>\n\n\n\n<p>No ano passado, a pol\u00edcia registrou um boletim de ocorr\u00eancia&nbsp;relatando que Elaine morreu afogada,&nbsp;depois de amarrar uma corda na cintura e pular de um barco em movimento durante um passeio em um lago de&nbsp;<a class=\"\" href=\"https:\/\/g1.globo.com\/mt\/mato-grosso\/cidade\/chapada-dos-guimaraes\/\">Chapada dos Guimar\u00e3es<\/a>, a 65 km de Cuiab\u00e1.<\/p>\n\n\n\n<p>No entanto, neste novo desdobramento do caso, a Delegacia de Chapada dos Guimar\u00e3es, apontou Cleber como\u00a0<strong>o suspeito pelos crimes\u00a0<\/strong>de estupro, feminic\u00eddio qualificado e fraude processual\u00a0<strong>relacionadas \u00e0 morte da empres\u00e1ria<\/strong>.<\/p>\n\n\n\n<p>Nessa sexta-feira (27), a Justi\u00e7a de Mato Grosso decretou um mandado de pris\u00e3o preventiva, a fim de localizar Cleber. J\u00e1 no s\u00e1bado, ele foi preso em um hotel, pr\u00f3ximo \u00e0 Rodovi\u00e1ria de Cuiab\u00e1, onde, segundo a pol\u00edcia, estava se preparando para fugir da cidade.<\/p>\n\n\n\n<p>Ap\u00f3s a pris\u00e3o, ele foi encaminhado para Ger\u00eancia Estadual de Polinter e Capturas para tomar as provid\u00eancias que o caso requer.<\/p>\n\n\n\n<h2 class=\"wp-block-heading\">Per\u00edcia<\/h2>\n\n\n\n<p><a class=\"\" href=\"https:\/\/g1.globo.com\/mt\/mato-grosso\/noticia\/2023\/11\/17\/necropsia-contradiz-versao-de-testemunhas-sobre-afogamento-de-empresaria-em-lago-de-mt.ghtml\">O laudo de necr\u00f3psia da morte da empres\u00e1ria n\u00e3o foi compat\u00edvel com a vers\u00e3o narrada pelas testemunhas ouvidas pela Pol\u00edcia Civil at\u00e9 agora<\/a>. As equipes de investiga\u00e7\u00e3o reconstitu\u00edram o crime no Lago do Manso e usaram as mesmas embarca\u00e7\u00f5es do dia com a participa\u00e7\u00e3o de uma bombeiro militar, que representou a v\u00edtima no momento do afogamento.<\/p>\n\n\n\n<p>Elaine passava o dia na regi\u00e3o com uma testemunha quando o motor do barco teve um defeito mec\u00e2nico.<\/p>\n\n\n\n<p>O delegado de Chapada dos Guimar\u00e3es, Marlon Luz, disse que a reconstitui\u00e7\u00e3o buscou esclarecer algumas d\u00favidas, mas que ainda \u00e9 necess\u00e1rio laudos periciais para constatar o que de fato ocorreu no local.<\/p>\n\n\n\n<h2 class=\"wp-block-heading\">Entenda o caso<\/h2>\n\n\n\n<p>A v\u00edtima fazia um passeio no lago quando houve falha no motor da embarca\u00e7\u00e3o. Durante o guincho, Elaine teria decidido tomar banho com o barco em movimento e, supostamente, amarrou uma corda na cintura. No entanto, ela se desequilibrou com as ondas na \u00e1gua e acabou se afogando.<\/p>\n\n\n\n<p>A testemunha disse \u00e0 pol\u00edcia que tentou socorrer Elaine, mas n\u00e3o conseguiu. O corpo da v\u00edtima foi retirado tempo depois e encaminhado ao Instituto M\u00e9dico Legal (IML) de Cuiab\u00e1.<\/p>\n\n\n\n<p>G1-MT<\/p>\n","protected":false},"excerpt":{"rendered":"<p>O advogado Cleber Figueiredo Lagreca foi preso pela Pol\u00edcia Civil, nesse s\u00e1bado em&nbsp;Cuiab\u00e1, suspeito de matar a empres\u00e1ria&nbsp;Elaine Stelatto Marques, de 45 anos, em 2023. A pris\u00e3o ocorreu ap\u00f3s a pol\u00edcia divulgar um&nbsp;cartaz procurando pelo suspeito de feminic\u00eddio. No ano passado, a pol\u00edcia registrou um boletim de ocorr\u00eancia&nbsp;relatando que Elaine morreu afogada,&nbsp;depois de amarrar uma [&hellip;]<\/p>\n","protected":false},"author":2,"featured_media":3301,"comment_status":"closed","ping_status":"closed","sticky":false,"template":"","format":"standard","meta":{"_monsterinsights_skip_tracking":false,"_monsterinsights_sitenote_active":false,"_monsterinsights_sitenote_note":"","_monsterinsights_sitenote_category":0,"footnotes":""},"categories":[1],"tags":[],"_links":{"self":[{"href":"https:\/\/nazarenonews.com.br\/index.php\/wp-json\/wp\/v2\/posts\/3300"}],"collection":[{"href":"https:\/\/nazarenonews.com.br\/index.php\/wp-json\/wp\/v2\/posts"}],"about":[{"href":"https:\/\/nazarenonews.com.br\/index.php\/wp-json\/wp\/v2\/types\/post"}],"author":[{"embeddable":true,"href":"https:\/\/nazarenonews.com.br\/index.php\/wp-json\/wp\/v2\/users\/2"}],"replies":[{"embeddable":true,"href":"https:\/\/nazarenonews.com.br\/index.php\/wp-json\/wp\/v2\/comments?post=3300"}],"version-history":[{"count":1,"href":"https:\/\/nazarenonews.com.br\/index.php\/wp-json\/wp\/v2\/posts\/3300\/revisions"}],"predecessor-version":[{"id":3302,"href":"https:\/\/nazarenonews.com.br\/index.php\/wp-json\/wp\/v2\/posts\/3300\/revisions\/3302"}],"wp:featuredmedia":[{"embeddable":true,"href":"https:\/\/nazarenonews.com.br\/index.php\/wp-json\/wp\/v2\/media\/3301"}],"wp:attachment":[{"href":"https:\/\/nazarenonews.com.br\/index.php\/wp-json\/wp\/v2\/media?parent=3300"}],"wp:term":[{"taxonomy":"category","embeddable":true,"href":"https:\/\/nazarenonews.com.br\/index.php\/wp-json\/wp\/v2\/categories?post=3300"},{"taxonomy":"post_tag","embeddable":true,"href":"https:\/\/nazarenonews.com.br\/index.php\/wp-json\/wp\/v2\/tags?post=3300"}],"curies":[{"name":"wp","href":"https:\/\/api.w.org\/{rel}","templated":true}]}}