{"id":3297,"date":"2024-09-28T16:29:59","date_gmt":"2024-09-28T20:29:59","guid":{"rendered":"https:\/\/nazarenonews.com.br\/?p=3297"},"modified":"2024-09-28T16:30:00","modified_gmt":"2024-09-28T20:30:00","slug":"pastor-morre-ao-cair-do-telhado-da-igreja-em-camboriu","status":"publish","type":"post","link":"https:\/\/nazarenonews.com.br\/index.php\/2024\/09\/28\/pastor-morre-ao-cair-do-telhado-da-igreja-em-camboriu\/","title":{"rendered":"Pastor morre ao cair do telhado da igreja em Cambori\u00fa"},"content":{"rendered":"\n<p>O pastor assembleiano Hueslen Ricardo Santos, de 50 anos, morreu ap\u00f3s cair de, aproximadamente, cinco metros de altura de um andaime no pavilh\u00e3o dos Gide\u00f5es Mission\u00e1rios da \u00daltima Hora (GMUH), em Cambori\u00fa (SC), na manh\u00e3 desta quarta-feira (25). O pastor era coordenador do Sistema de Comunica\u00e7\u00e3o dos GMUH.<\/p>\n\n\n\n<p>O l\u00edder religioso chegou a ser internado em estado grave no Hospital Municipal Ruth Cardoso, em Balne\u00e1rio Cambori\u00fa, mas de acordo com a prefeitura, a morte foi confirmada \u00e0s 15h15.&nbsp; Profissionais do Corpo de Bombeiros constataram que o pastor teve traumatismo cranioencef\u00e1lico, al\u00e9m de ferimento na regi\u00e3o da cabe\u00e7a e rebaixamento do n\u00edvel de consci\u00eancia.<\/p>\n\n\n\n<p>Inicialmente, foi divulgada a informa\u00e7\u00e3o de que o pastor estava realizando reparos na parte interna do telhado do sal\u00e3o da igreja, onde acontece anualmente o Congresso dos Gide\u00f5es. No entanto, a Igreja Assembleia de Deus de Cambori\u00fa, na pessoa do seu presidente Pr. Zilmar Melqu\u00edades Miguel, divulgou uma nota oficial nas redes sociais informando que o pastor Hueslen sofreu a queda enquanto produzia conte\u00fados para suas redes sociais, filmando a equipe de trabalho durante a troca de telhas no pavilh\u00e3o dos Gide\u00f5es.<\/p>\n\n\n\n<p>Em v\u00eddeo, pastor Zilmar, que tamb\u00e9m preside o GMUH, expressou seu sentimento de tristeza e clamou \u00e0 todos os irm\u00e3os em Cristo que orem em favor da esposa do pastor Hueslen, irm\u00e3 Fabr\u00edcia Silveira Costa Santos, seus filhos, toda fam\u00edlia, igreja e mission\u00e1rios.<\/p>\n\n\n\n<p>\u201cN\u00f3s n\u00e3o temos palavras para expressar nosso sentimento de tristeza e de perda. Eu sei que o Senhor \u00e9 o dono de de todas as coisas, por\u00e9m nesta hora, n\u00f3s nunca estamos preparados para uma perca assim t\u00e3o fatal\u201d, disse.<\/p>\n\n\n\n<p>A AD Cambori\u00fa informou ainda, que ser\u00e3o realizadas duas cerim\u00f4nias f\u00fanebres no Pavilh\u00e3o dos Gide\u00f5es. Uma, na noite desta quinta-feira e a \u00faltima \u00e0s 16h desta sexta (27). Logo em seguida, o corpo do pastor Hueslen seguir\u00e1 para o sepultamento.<\/p>\n\n\n\n<p><em>Com informa\u00e7\u00f5es Pleno News e AD Cambori\u00fa<\/em><\/p>\n","protected":false},"excerpt":{"rendered":"<p>O pastor assembleiano Hueslen Ricardo Santos, de 50 anos, morreu ap\u00f3s cair de, aproximadamente, cinco metros de altura de um andaime no pavilh\u00e3o dos Gide\u00f5es Mission\u00e1rios da \u00daltima Hora (GMUH), em Cambori\u00fa (SC), na manh\u00e3 desta quarta-feira (25). O pastor era coordenador do Sistema de Comunica\u00e7\u00e3o dos GMUH. O l\u00edder religioso chegou a ser internado [&hellip;]<\/p>\n","protected":false},"author":2,"featured_media":3298,"comment_status":"closed","ping_status":"closed","sticky":false,"template":"","format":"standard","meta":{"_monsterinsights_skip_tracking":false,"_monsterinsights_sitenote_active":false,"_monsterinsights_sitenote_note":"","_monsterinsights_sitenote_category":0,"footnotes":""},"categories":[44],"tags":[],"_links":{"self":[{"href":"https:\/\/nazarenonews.com.br\/index.php\/wp-json\/wp\/v2\/posts\/3297"}],"collection":[{"href":"https:\/\/nazarenonews.com.br\/index.php\/wp-json\/wp\/v2\/posts"}],"about":[{"href":"https:\/\/nazarenonews.com.br\/index.php\/wp-json\/wp\/v2\/types\/post"}],"author":[{"embeddable":true,"href":"https:\/\/nazarenonews.com.br\/index.php\/wp-json\/wp\/v2\/users\/2"}],"replies":[{"embeddable":true,"href":"https:\/\/nazarenonews.com.br\/index.php\/wp-json\/wp\/v2\/comments?post=3297"}],"version-history":[{"count":1,"href":"https:\/\/nazarenonews.com.br\/index.php\/wp-json\/wp\/v2\/posts\/3297\/revisions"}],"predecessor-version":[{"id":3299,"href":"https:\/\/nazarenonews.com.br\/index.php\/wp-json\/wp\/v2\/posts\/3297\/revisions\/3299"}],"wp:featuredmedia":[{"embeddable":true,"href":"https:\/\/nazarenonews.com.br\/index.php\/wp-json\/wp\/v2\/media\/3298"}],"wp:attachment":[{"href":"https:\/\/nazarenonews.com.br\/index.php\/wp-json\/wp\/v2\/media?parent=3297"}],"wp:term":[{"taxonomy":"category","embeddable":true,"href":"https:\/\/nazarenonews.com.br\/index.php\/wp-json\/wp\/v2\/categories?post=3297"},{"taxonomy":"post_tag","embeddable":true,"href":"https:\/\/nazarenonews.com.br\/index.php\/wp-json\/wp\/v2\/tags?post=3297"}],"curies":[{"name":"wp","href":"https:\/\/api.w.org\/{rel}","templated":true}]}}