{"id":3292,"date":"2024-09-28T16:25:52","date_gmt":"2024-09-28T20:25:52","guid":{"rendered":"https:\/\/nazarenonews.com.br\/?p=3292"},"modified":"2024-09-28T16:25:52","modified_gmt":"2024-09-28T20:25:52","slug":"cuiaba-tem-distribuicao-de-agua-interrompida-para-obras-em-adutora-veja-bairros-afetados","status":"publish","type":"post","link":"https:\/\/nazarenonews.com.br\/index.php\/2024\/09\/28\/cuiaba-tem-distribuicao-de-agua-interrompida-para-obras-em-adutora-veja-bairros-afetados\/","title":{"rendered":"Cuiab\u00e1 tem distribui\u00e7\u00e3o de \u00e1gua interrompida para obras em adutora; veja bairros afetados"},"content":{"rendered":"\n<p>O abastecimento de \u00e1gua no Complexo Vi\u00e1rio Leblon, em&nbsp;<a class=\"\" href=\"https:\/\/g1.globo.com\/mt\/mato-grosso\/cidade\/cuiaba\/\">Cuiab\u00e1<\/a>, ser\u00e1 interrompido, a partir desse s\u00e1bado (28), para obras na adutora. Segundo a \u00c0guas Cuiab\u00e1, o retorno do abastecimento est\u00e1 previsto para segunda-feira (30).<strong>&nbsp;Veja bairros afetados abaixo:<\/strong><\/p>\n\n\n\n<ol>\n<li>Ara\u00e9s<\/li>\n\n\n\n<li>Are\u00e3o<\/li>\n\n\n\n<li>Bandeirantes<\/li>\n\n\n\n<li>Ba\u00fa<\/li>\n\n\n\n<li>Bela Vista<\/li>\n\n\n\n<li>Bosque da Sa\u00fade I<\/li>\n\n\n\n<li>Bosque da Sa\u00fade II<\/li>\n\n\n\n<li>Campo Verde<\/li>\n\n\n\n<li>Carumb\u00e9<\/li>\n\n\n\n<li>Jd. das Am\u00e9ricas<\/li>\n\n\n\n<li>Jd. Guanabara<\/li>\n\n\n\n<li>Jd. Kennedy<\/li>\n\n\n\n<li>Jd. Leblon I<\/li>\n\n\n\n<li>Jd. Leblon II<\/li>\n\n\n\n<li>Jd. Petr\u00f3polis<\/li>\n\n\n\n<li>Jd. Renascer<\/li>\n\n\n\n<li>Jd. Tropical<\/li>\n\n\n\n<li>Lixeira<\/li>\n\n\n\n<li>Oito de Abril<\/li>\n\n\n\n<li>Pedregal<\/li>\n\n\n\n<li>Pico do Amor<\/li>\n\n\n\n<li>Po\u00e7\u00e3o<\/li>\n\n\n\n<li>R. S\u00e3o Carlos<\/li>\n\n\n\n<li>S\u00e3o Roque<\/li>\n\n\n\n<li>Vertical<\/li>\n\n\n\n<li>Dom Bosco<\/li>\n\n\n\n<li>S\u00e3o Jo\u00e3o Dos L\u00e1zaros<\/li>\n<\/ol>\n\n\n\n<p>O trabalho ser\u00e1 executado pela \u00c1guas Cuiab\u00e1 e pela Secretaria de Estado de Infraestrutura e Log\u00edstica (Sinfra), que v\u00e3o escavar um t\u00fanel no local onde a adutora passa atualmente, para permitir a liga\u00e7\u00e3o entre os bairros do Ara\u00e9s e do Consil.<\/p>\n\n\n\n<p>O Complexo Vi\u00e1rio tem o objetivo de solucionar problemas de tr\u00e2nsito nas duas pontas da Trincheira Jurumirim. Al\u00e9m deste t\u00fanel, ser\u00e3o constru\u00eddas outra trincheira pr\u00f3ximo ao acesso do bairro Jardim Leblon, um pequeno elevado e o alargamento do viaduto sobre a Avenida do CPA.<\/p>\n\n\n\n<p>Rep\u00f3rter MT<\/p>\n","protected":false},"excerpt":{"rendered":"<p>O abastecimento de \u00e1gua no Complexo Vi\u00e1rio Leblon, em&nbsp;Cuiab\u00e1, ser\u00e1 interrompido, a partir desse s\u00e1bado (28), para obras na adutora. Segundo a \u00c0guas Cuiab\u00e1, o retorno do abastecimento est\u00e1 previsto para segunda-feira (30).&nbsp;Veja bairros afetados abaixo: O trabalho ser\u00e1 executado pela \u00c1guas Cuiab\u00e1 e pela Secretaria de Estado de Infraestrutura e Log\u00edstica (Sinfra), que v\u00e3o [&hellip;]<\/p>\n","protected":false},"author":2,"featured_media":3293,"comment_status":"closed","ping_status":"closed","sticky":false,"template":"","format":"standard","meta":{"_monsterinsights_skip_tracking":false,"_monsterinsights_sitenote_active":false,"_monsterinsights_sitenote_note":"","_monsterinsights_sitenote_category":0,"footnotes":""},"categories":[1],"tags":[],"_links":{"self":[{"href":"https:\/\/nazarenonews.com.br\/index.php\/wp-json\/wp\/v2\/posts\/3292"}],"collection":[{"href":"https:\/\/nazarenonews.com.br\/index.php\/wp-json\/wp\/v2\/posts"}],"about":[{"href":"https:\/\/nazarenonews.com.br\/index.php\/wp-json\/wp\/v2\/types\/post"}],"author":[{"embeddable":true,"href":"https:\/\/nazarenonews.com.br\/index.php\/wp-json\/wp\/v2\/users\/2"}],"replies":[{"embeddable":true,"href":"https:\/\/nazarenonews.com.br\/index.php\/wp-json\/wp\/v2\/comments?post=3292"}],"version-history":[{"count":1,"href":"https:\/\/nazarenonews.com.br\/index.php\/wp-json\/wp\/v2\/posts\/3292\/revisions"}],"predecessor-version":[{"id":3294,"href":"https:\/\/nazarenonews.com.br\/index.php\/wp-json\/wp\/v2\/posts\/3292\/revisions\/3294"}],"wp:featuredmedia":[{"embeddable":true,"href":"https:\/\/nazarenonews.com.br\/index.php\/wp-json\/wp\/v2\/media\/3293"}],"wp:attachment":[{"href":"https:\/\/nazarenonews.com.br\/index.php\/wp-json\/wp\/v2\/media?parent=3292"}],"wp:term":[{"taxonomy":"category","embeddable":true,"href":"https:\/\/nazarenonews.com.br\/index.php\/wp-json\/wp\/v2\/categories?post=3292"},{"taxonomy":"post_tag","embeddable":true,"href":"https:\/\/nazarenonews.com.br\/index.php\/wp-json\/wp\/v2\/tags?post=3292"}],"curies":[{"name":"wp","href":"https:\/\/api.w.org\/{rel}","templated":true}]}}