{"id":3289,"date":"2024-09-28T16:22:55","date_gmt":"2024-09-28T20:22:55","guid":{"rendered":"https:\/\/nazarenonews.com.br\/?p=3289"},"modified":"2024-09-28T16:22:55","modified_gmt":"2024-09-28T20:22:55","slug":"seduc-convoca-pais-e-estudantes-para-consulta-publica-de-conversao-para-modelo-civico-militar","status":"publish","type":"post","link":"https:\/\/nazarenonews.com.br\/index.php\/2024\/09\/28\/seduc-convoca-pais-e-estudantes-para-consulta-publica-de-conversao-para-modelo-civico-militar\/","title":{"rendered":"Seduc convoca pais e estudantes para consulta p\u00fablica de convers\u00e3o para modelo c\u00edvico-militar"},"content":{"rendered":"\n<p>A Secretaria de Estado de Educa\u00e7\u00e3o (Seduc) publicou os editais de chamamento de pais e respons\u00e1veis de alunos para consulta p\u00fablica para aprova\u00e7\u00e3o da proposta de convers\u00e3o de 30 escolas estaduais para o modelo c\u00edvico-militar, conforme previsto na Lei n\u00ba 12.388\/2024, regulamentada pelo Decreto n\u00ba 709\/2024.<\/p>\n\n\n\n<p>As unidades indicadas est\u00e3o nos munic\u00edpios de Cuiab\u00e1, V\u00e1rzea Grande, Pocon\u00e9, Nobres, Santo Ant\u00f4nio de Leverger, C\u00e1ceres, Barra do Gar\u00e7as, Mirassol D&#8217;Oeste, S\u00e3o Jos\u00e9 dos Quatro Marcos, Rondon\u00f3polis, Primavera do Leste, Campo Verde, Poxor\u00e9u, Ju\u00edna, Tangar\u00e1 da Serra e Lucas do Rio Verde. Confira a rela\u00e7\u00e3o das escolas no anexo.<\/p>\n\n\n\n<p><a href=\"https:\/\/chat.whatsapp.com\/LSpFFLe9ev89kXTR8uVstr\" target=\"_blank\" rel=\"noreferrer noopener\">&gt;&gt;&gt; Clique aqui e receba not\u00edcias de MT na palma da sua m\u00e3o<\/a><\/p>\n\n\n\n<p>O p\u00fablico-alvo convocado para participar da consulta s\u00e3o pais e respons\u00e1veis legais pelos estudantes matriculados em todas as escolas, e estudantes maiores de 16 anos matriculados na referida institui\u00e7\u00e3o. Os dias e hor\u00e1rios dispon\u00edveis para a consulta ser\u00e3o de 15 e 16 de outubro de 2024, das 08h \u00e0s 19h.&nbsp;<\/p>\n\n\n\n<p>A consulta ser\u00e1 realizada por meio de vota\u00e7\u00e3o secreta, pelo p\u00fablico-alvo, ocasi\u00e3o em que os participantes poder\u00e3o manifestar sua opini\u00e3o sobre a proposta de convers\u00e3o das escolas em modelo de gest\u00e3o c\u00edvico-militar, indicando a op\u00e7\u00e3o escolhida entre \u201cAprovo\u201d e \u201cN\u00e3o Aprovo\u201d, conforme orienta\u00e7\u00f5es delineadas nos Procedimentos e Roteiro que antecedem \u00e0 Consulta.&nbsp;<\/p>\n\n\n\n<p>O resultado ser\u00e1 apresentado depois do t\u00e9rmino da vota\u00e7\u00e3o e divulgado por meio de comunicado afixado na escola, na Diretoria Regional de Educa\u00e7\u00e3o (DRE), bem como nas redes sociais ligadas a Rede Estadual de Ensino.<\/p>\n\n\n\n<p>Para a escolha das escolas que ser\u00e3o transformadas em c\u00edvico-militar, a Seduc seguiu os crit\u00e9rios de vulnerabilidade socioecon\u00f4mica e a viol\u00eancia do bairro onde est\u00e1 localizada a unidade escolar, al\u00e9m da evas\u00e3o dos seus estudantes e do baixo \u00edndice de aprendizado.<\/p>\n\n\n\n<p>De acordo com a Seduc, as 30 escolas indicadas se enquadram nesses crit\u00e9rios. Os Col\u00e9gios Estaduais Integrados (CEIs) j\u00e1 passaram para o modelo c\u00edvico-militar. Em junho, o Governo entregou o CEI 01 no bairro Ilza Therezinha Picolli, em Cuiab\u00e1. Tamb\u00e9m inaugurou nesta sexta-feira (27) o CEI 02, no bairro Dr. F\u00e1bio, em Cuiab\u00e1. Outras tr\u00eas unidades ser\u00e3o entregues ainda neste ano na Capital e em V\u00e1rzea Grande.<\/p>\n\n\n\n<p>Rep\u00f3rter MT<\/p>\n","protected":false},"excerpt":{"rendered":"<p>A Secretaria de Estado de Educa\u00e7\u00e3o (Seduc) publicou os editais de chamamento de pais e respons\u00e1veis de alunos para consulta p\u00fablica para aprova\u00e7\u00e3o da proposta de convers\u00e3o de 30 escolas estaduais para o modelo c\u00edvico-militar, conforme previsto na Lei n\u00ba 12.388\/2024, regulamentada pelo Decreto n\u00ba 709\/2024. As unidades indicadas est\u00e3o nos munic\u00edpios de Cuiab\u00e1, V\u00e1rzea [&hellip;]<\/p>\n","protected":false},"author":2,"featured_media":3290,"comment_status":"closed","ping_status":"closed","sticky":false,"template":"","format":"standard","meta":{"_monsterinsights_skip_tracking":false,"_monsterinsights_sitenote_active":false,"_monsterinsights_sitenote_note":"","_monsterinsights_sitenote_category":0,"footnotes":""},"categories":[1],"tags":[],"_links":{"self":[{"href":"https:\/\/nazarenonews.com.br\/index.php\/wp-json\/wp\/v2\/posts\/3289"}],"collection":[{"href":"https:\/\/nazarenonews.com.br\/index.php\/wp-json\/wp\/v2\/posts"}],"about":[{"href":"https:\/\/nazarenonews.com.br\/index.php\/wp-json\/wp\/v2\/types\/post"}],"author":[{"embeddable":true,"href":"https:\/\/nazarenonews.com.br\/index.php\/wp-json\/wp\/v2\/users\/2"}],"replies":[{"embeddable":true,"href":"https:\/\/nazarenonews.com.br\/index.php\/wp-json\/wp\/v2\/comments?post=3289"}],"version-history":[{"count":1,"href":"https:\/\/nazarenonews.com.br\/index.php\/wp-json\/wp\/v2\/posts\/3289\/revisions"}],"predecessor-version":[{"id":3291,"href":"https:\/\/nazarenonews.com.br\/index.php\/wp-json\/wp\/v2\/posts\/3289\/revisions\/3291"}],"wp:featuredmedia":[{"embeddable":true,"href":"https:\/\/nazarenonews.com.br\/index.php\/wp-json\/wp\/v2\/media\/3290"}],"wp:attachment":[{"href":"https:\/\/nazarenonews.com.br\/index.php\/wp-json\/wp\/v2\/media?parent=3289"}],"wp:term":[{"taxonomy":"category","embeddable":true,"href":"https:\/\/nazarenonews.com.br\/index.php\/wp-json\/wp\/v2\/categories?post=3289"},{"taxonomy":"post_tag","embeddable":true,"href":"https:\/\/nazarenonews.com.br\/index.php\/wp-json\/wp\/v2\/tags?post=3289"}],"curies":[{"name":"wp","href":"https:\/\/api.w.org\/{rel}","templated":true}]}}