{"id":3283,"date":"2024-09-28T16:15:59","date_gmt":"2024-09-28T20:15:59","guid":{"rendered":"https:\/\/nazarenonews.com.br\/?p=3283"},"modified":"2024-09-28T16:16:00","modified_gmt":"2024-09-28T20:16:00","slug":"suspeito-de-envolvimento-na-morte-de-empresaria-em-lago-de-mt-e-procurado-pela-policia","status":"publish","type":"post","link":"https:\/\/nazarenonews.com.br\/index.php\/2024\/09\/28\/suspeito-de-envolvimento-na-morte-de-empresaria-em-lago-de-mt-e-procurado-pela-policia\/","title":{"rendered":"Suspeito de envolvimento na morte de empres\u00e1ria em lago de MT \u00e9 procurado pela pol\u00edcia"},"content":{"rendered":"\n<p>Cleber Figueiredo Lagreca \u00e9 procurado pela pol\u00edcia suspeito de envolvimento na morte da empres\u00e1ria<a class=\"\" href=\"https:\/\/g1.globo.com\/mt\/mato-grosso\/noticia\/2023\/10\/20\/mulher-morre-afogada-ao-pular-de-barco-em-movimento-para-tomar-banho-em-lago-de-chapada-dos-guimaraes-mt.ghtml\">&nbsp;Elaine Stelatto Marques, de 45 anos,&nbsp;<\/a>em um lago em&nbsp;<a class=\"\" href=\"https:\/\/g1.globo.com\/mt\/mato-grosso\/cidade\/chapada-dos-guimaraes\/\">Chapada dos Guimar\u00e3es<\/a>, a 65 km de Cuiab\u00e1, no dia 19 de outubro de 2023.<\/p>\n\n\n\n<p>Segundo a Pol\u00edcia Civil, o suspeito responde por estupro, feminic\u00eddio qualificado e fraude processual majorada relacionadas \u00e0 morte da empres\u00e1ria.<\/p>\n\n\n\n<p>Ainda de acordo com a pol\u00edcia, durante a investiga\u00e7\u00e3o, os policiais n\u00e3o conseguiram localizar o suspeito no apartamento dele em Cuiab\u00e1. Em seguida, as equipes foram at\u00e9 Santo Ant\u00f4nio de Leverger, na tentativa de localizar Cleber, que continua foragido.<\/p>\n\n\n\n<p>Em mar\u00e7o deste ano,\u00a0<a class=\"\" href=\"https:\/\/g1.globo.com\/mt\/mato-grosso\/noticia\/2024\/03\/01\/mandados-de-busca-sao-cumpridos-em-investigacao-que-apura-morte-de-empresaria-em-lago-de-mt-e-dois-sao-presos-por-porte-ilegal-de-arma.ghtml\"><strong>a pol\u00edcia cumpriu 12 mandados\u00a0<\/strong><\/a>de busca e apreens\u00e3o domiciliar, e quebra de sigilo de dados telef\u00f4nicos. Na a\u00e7\u00e3o, cinco armas de fogo tamb\u00e9m foram apreendidas.<\/p>\n\n\n\n<h2 class=\"wp-block-heading\">Per\u00edcia<\/h2>\n\n\n\n<p><a class=\"\" href=\"https:\/\/g1.globo.com\/mt\/mato-grosso\/noticia\/2023\/11\/17\/necropsia-contradiz-versao-de-testemunhas-sobre-afogamento-de-empresaria-em-lago-de-mt.ghtml\">O laudo de necr\u00f3psia da morte da empres\u00e1ria n\u00e3o foi compat\u00edvel com a vers\u00e3o narrada pelas testemunhas ouvidas pela Pol\u00edcia Civil at\u00e9 agora<\/a>. As equipes de investiga\u00e7\u00e3o reconstitu\u00edram o crime no Lago do Manso e usaram as mesmas embarca\u00e7\u00f5es do dia com a participa\u00e7\u00e3o de uma bombeiro militar, que representou a v\u00edtima no momento do afogamento.<\/p>\n\n\n\n<p>Elaine passava o dia na regi\u00e3o com uma testemunha quando o motor do barco teve um defeito mec\u00e2nico.<\/p>\n\n\n\n<p>O delegado de Chapada dos Guimar\u00e3es, Marlon Luz, disse que a reconstitui\u00e7\u00e3o buscou esclarecer algumas d\u00favidas, mas que ainda \u00e9 necess\u00e1rio laudos periciais para constatar o que de fato ocorreu no local.<\/p>\n\n\n\n<blockquote class=\"wp-block-quote is-layout-flow wp-block-quote-is-layout-flow\">\n<p>\u201cEmbora a per\u00edcia t\u00e9cnica j\u00e1 tenha fornecido alguns laudos sobre a morte da v\u00edtima, os que est\u00e3o pendentes s\u00e3o essenciais para esclarecimento do ocorrido\u201d, diz.<\/p>\n<\/blockquote>\n\n\n\n<p>A pol\u00edcia n\u00e3o informou os detalhes da nova vers\u00e3o apontada pela per\u00edcia.<\/p>\n\n\n\n<h2 class=\"wp-block-heading\">Entenda o caso<\/h2>\n\n\n\n<p>A v\u00edtima fazia um passeio no lago quando houve falha no motor da embarca\u00e7\u00e3o. Durante o guincho, Elaine teria decidido tomar banho com o barco em movimento e, supostamente, amarrou uma corda na cintura. No entanto, ela se desequilibrou com as ondas na \u00e1gua e acabou se afogando.<\/p>\n\n\n\n<p>A testemunha disse \u00e0 pol\u00edcia que tentou socorrer Elaine, mas n\u00e3o conseguiu. O corpo da v\u00edtima foi retirado tempo depois e encaminhado ao Instituto M\u00e9dico Legal (IML) de Cuiab\u00e1.<\/p>\n\n\n\n<p>G1-MT<\/p>\n","protected":false},"excerpt":{"rendered":"<p>Cleber Figueiredo Lagreca \u00e9 procurado pela pol\u00edcia suspeito de envolvimento na morte da empres\u00e1ria&nbsp;Elaine Stelatto Marques, de 45 anos,&nbsp;em um lago em&nbsp;Chapada dos Guimar\u00e3es, a 65 km de Cuiab\u00e1, no dia 19 de outubro de 2023. Segundo a Pol\u00edcia Civil, o suspeito responde por estupro, feminic\u00eddio qualificado e fraude processual majorada relacionadas \u00e0 morte da [&hellip;]<\/p>\n","protected":false},"author":2,"featured_media":3284,"comment_status":"closed","ping_status":"closed","sticky":false,"template":"","format":"standard","meta":{"_monsterinsights_skip_tracking":false,"_monsterinsights_sitenote_active":false,"_monsterinsights_sitenote_note":"","_monsterinsights_sitenote_category":0,"footnotes":""},"categories":[1],"tags":[],"_links":{"self":[{"href":"https:\/\/nazarenonews.com.br\/index.php\/wp-json\/wp\/v2\/posts\/3283"}],"collection":[{"href":"https:\/\/nazarenonews.com.br\/index.php\/wp-json\/wp\/v2\/posts"}],"about":[{"href":"https:\/\/nazarenonews.com.br\/index.php\/wp-json\/wp\/v2\/types\/post"}],"author":[{"embeddable":true,"href":"https:\/\/nazarenonews.com.br\/index.php\/wp-json\/wp\/v2\/users\/2"}],"replies":[{"embeddable":true,"href":"https:\/\/nazarenonews.com.br\/index.php\/wp-json\/wp\/v2\/comments?post=3283"}],"version-history":[{"count":1,"href":"https:\/\/nazarenonews.com.br\/index.php\/wp-json\/wp\/v2\/posts\/3283\/revisions"}],"predecessor-version":[{"id":3285,"href":"https:\/\/nazarenonews.com.br\/index.php\/wp-json\/wp\/v2\/posts\/3283\/revisions\/3285"}],"wp:featuredmedia":[{"embeddable":true,"href":"https:\/\/nazarenonews.com.br\/index.php\/wp-json\/wp\/v2\/media\/3284"}],"wp:attachment":[{"href":"https:\/\/nazarenonews.com.br\/index.php\/wp-json\/wp\/v2\/media?parent=3283"}],"wp:term":[{"taxonomy":"category","embeddable":true,"href":"https:\/\/nazarenonews.com.br\/index.php\/wp-json\/wp\/v2\/categories?post=3283"},{"taxonomy":"post_tag","embeddable":true,"href":"https:\/\/nazarenonews.com.br\/index.php\/wp-json\/wp\/v2\/tags?post=3283"}],"curies":[{"name":"wp","href":"https:\/\/api.w.org\/{rel}","templated":true}]}}