{"id":3240,"date":"2024-09-25T08:12:15","date_gmt":"2024-09-25T12:12:15","guid":{"rendered":"https:\/\/nazarenonews.com.br\/?p=3240"},"modified":"2024-09-25T08:12:16","modified_gmt":"2024-09-25T12:12:16","slug":"desembargador-mantem-decisao-e-proibe-coletores-de-lixo-de-fazer-greve-em-cuiaba","status":"publish","type":"post","link":"https:\/\/nazarenonews.com.br\/index.php\/2024\/09\/25\/desembargador-mantem-decisao-e-proibe-coletores-de-lixo-de-fazer-greve-em-cuiaba\/","title":{"rendered":"Desembargador mant\u00e9m decis\u00e3o e pro\u00edbe coletores de lixo de fazer greve em Cuiab\u00e1"},"content":{"rendered":"\n<p>Por decis\u00e3o do desembargador federal do trabalho Adenir Carruesco, do Tribunal Regional do Trabalho (TRT), dessa segunda-feira (23), foi mantida a proibi\u00e7\u00e3o ao Sindicato dos Trabalhadores da Limpeza Urbana (Sindilimp-MT) de fazer greve em Cuiab\u00e1. Apesar de uma liminar determinar a ilegalidade do movimento, sindicalistas tentaram paralisar os trabalhos da Locar Saneamento Ambiental Ltda no in\u00edcio da semana.<\/p>\n\n\n\n<p>No s\u00e1bado (21) e ontem (23) o presidente do sindicato, Wenderson Alves de Freitas, tentou impedir a sa\u00edda dos caminh\u00f5es para a coleta de lixo, mas n\u00e3o obteve sucesso. Os trabalhos sofreram apenas um pequeno atraso.<\/p>\n\n\n\n<p>&#8220;Outrossim, no tocante \u00e0 manifesta\u00e7\u00e3o da suscitada requerendo provid\u00eancia em vista da poss\u00edvel retomada do movimento grevista, ressalto que j\u00e1 h\u00e1 decis\u00e3o liminar, vedando a realiza\u00e7\u00e3o de greve, sob pena de pagamento de multa di\u00e1ria, raz\u00e3o pela qual desnecess\u00e1rias as medidas requeridas&#8221;, diz trecho da decis\u00e3o do desembargador.<\/p>\n\n\n\n<p>Al\u00e9m disso, tamb\u00e9m foi mantida a multa di\u00e1ria de R$ 5 mil em caso de descumprimento da proibi\u00e7\u00e3o de realiza\u00e7\u00e3o de greve. O desembargador determinou ainda que, ap\u00f3s o prazo acordado para o fim das negocia\u00e7\u00f5es, os autos sejam remetidos ao Minist\u00e9rio P\u00fablico do Trabalho (MPT) para emiss\u00e3o de parecer.<\/p>\n\n\n\n<p>Em junho, o sindicato, atrav\u00e9s de media\u00e7\u00e3o do MPT, aceitou um acordo proposto pela Locar que concedia reajuste de 7,7% nos sal\u00e1rios, vale-alimenta\u00e7\u00e3o de R$ 840, cria\u00e7\u00e3o de vale-g\u00e1s de R$ 80, al\u00e9m do reajuste da gratifica\u00e7\u00e3o de assiduidade para R$ 236. No entanto, dois dias depois a entidade realizou assembleia e rejeitou as propostas que tinham sido negociadas, comunicando ainda a interrup\u00e7\u00e3o das negocia\u00e7\u00f5es de forma unilateral.<\/p>\n\n\n\n<p>No pedido para que a Justi\u00e7a intervenha no caso, tendo em vista que o sindicato n\u00e3o cumpriu o acordo negociado, a Locar enfatizou o desrespeito do &#8220;tempo e esfor\u00e7o despendido pelo Exmo Procurador do MPT, a exemplo da patente viola\u00e7\u00e3o da boa-f\u00e9 objetiva por parte do Sindilimp, consistente em firmar acordo em 26\/06\/2024, na presen\u00e7a do Exmo Procurador do Trabalho, e na data de 28\/06\/2024 (sequer ultrapassadas 48 horas) desconsiderar o acordo em absoluto&#8221;.<\/p>\n\n\n\n<p><strong>Derrotas<\/strong><\/p>\n\n\n\n<p>Uma das alega\u00e7\u00f5es do SINDILIMP-MT para tentar paralisar os trabalhos de coleta de lixo, foi que os trabalhadores estariam sendo obrigados a operar com apenas dois coletores por caminh\u00e3o, em desacordo com o previsto no acordo coletivo, que exige 3 coletores por ve\u00edculo. No entanto, a Locar Saneamento Ambiental LTDA apresentou comprova\u00e7\u00e3o de que est\u00e1 cumprindo o que foi acordado. O relator do caso destacou que essa quest\u00e3o \u00e9 estranha ao processo e que &#8220;n\u00e3o compete a este relator a ado\u00e7\u00e3o de qualquer provid\u00eancia&#8221; sobre o tema.<\/p>\n\n\n\n<p>Apesar das acusa\u00e7\u00f5es do sindicato, a empresa reafirmou que est\u00e1 em conformidade com todas as condi\u00e7\u00f5es econ\u00f4micas do acordo coletivo, incluindo reajustes salariais e benef\u00edcios aos trabalhadores. Na \u00faltima quarta-feira (18), a Locar enviou os termos finais do Acordo Coletivo de Trabalho ao SINDILIMP-MT, mas ainda n\u00e3o recebeu resposta.<\/p>\n\n\n\n<p>O TRT reiterou que qualquer paralisa\u00e7\u00e3o \u00e9 ilegal, sob pena de multa di\u00e1ria. Mesmo assim, o sindicato teria continuado a organizar reuni\u00f5es, atrasando a sa\u00edda dos caminh\u00f5es e pressionando por uma greve, o que tem gerado um clima de tens\u00e3o desnecess\u00e1ria entre os funcion\u00e1rios da empresa, a prefeitura e a popula\u00e7\u00e3o.<\/p>\n\n\n\n<p>Gazeta Digital <\/p>\n\n\n\n<p><\/p>\n","protected":false},"excerpt":{"rendered":"<p>Por decis\u00e3o do desembargador federal do trabalho Adenir Carruesco, do Tribunal Regional do Trabalho (TRT), dessa segunda-feira (23), foi mantida a proibi\u00e7\u00e3o ao Sindicato dos Trabalhadores da Limpeza Urbana (Sindilimp-MT) de fazer greve em Cuiab\u00e1. Apesar de uma liminar determinar a ilegalidade do movimento, sindicalistas tentaram paralisar os trabalhos da Locar Saneamento Ambiental Ltda no [&hellip;]<\/p>\n","protected":false},"author":2,"featured_media":3241,"comment_status":"closed","ping_status":"closed","sticky":false,"template":"","format":"standard","meta":{"_monsterinsights_skip_tracking":false,"_monsterinsights_sitenote_active":false,"_monsterinsights_sitenote_note":"","_monsterinsights_sitenote_category":0,"footnotes":""},"categories":[1],"tags":[],"_links":{"self":[{"href":"https:\/\/nazarenonews.com.br\/index.php\/wp-json\/wp\/v2\/posts\/3240"}],"collection":[{"href":"https:\/\/nazarenonews.com.br\/index.php\/wp-json\/wp\/v2\/posts"}],"about":[{"href":"https:\/\/nazarenonews.com.br\/index.php\/wp-json\/wp\/v2\/types\/post"}],"author":[{"embeddable":true,"href":"https:\/\/nazarenonews.com.br\/index.php\/wp-json\/wp\/v2\/users\/2"}],"replies":[{"embeddable":true,"href":"https:\/\/nazarenonews.com.br\/index.php\/wp-json\/wp\/v2\/comments?post=3240"}],"version-history":[{"count":1,"href":"https:\/\/nazarenonews.com.br\/index.php\/wp-json\/wp\/v2\/posts\/3240\/revisions"}],"predecessor-version":[{"id":3242,"href":"https:\/\/nazarenonews.com.br\/index.php\/wp-json\/wp\/v2\/posts\/3240\/revisions\/3242"}],"wp:featuredmedia":[{"embeddable":true,"href":"https:\/\/nazarenonews.com.br\/index.php\/wp-json\/wp\/v2\/media\/3241"}],"wp:attachment":[{"href":"https:\/\/nazarenonews.com.br\/index.php\/wp-json\/wp\/v2\/media?parent=3240"}],"wp:term":[{"taxonomy":"category","embeddable":true,"href":"https:\/\/nazarenonews.com.br\/index.php\/wp-json\/wp\/v2\/categories?post=3240"},{"taxonomy":"post_tag","embeddable":true,"href":"https:\/\/nazarenonews.com.br\/index.php\/wp-json\/wp\/v2\/tags?post=3240"}],"curies":[{"name":"wp","href":"https:\/\/api.w.org\/{rel}","templated":true}]}}