{"id":3089,"date":"2024-09-18T17:44:50","date_gmt":"2024-09-18T21:44:50","guid":{"rendered":"https:\/\/nazarenonews.com.br\/?p=3089"},"modified":"2024-09-18T17:44:50","modified_gmt":"2024-09-18T21:44:50","slug":"18-de-setembro-dia-dos-simbolos-nacionais","status":"publish","type":"post","link":"https:\/\/nazarenonews.com.br\/index.php\/2024\/09\/18\/18-de-setembro-dia-dos-simbolos-nacionais\/","title":{"rendered":"18 de setembro: dia dos S\u00edmbolos Nacionais"},"content":{"rendered":"\n<p>Bandeira Nacional do Brasil, o Hino Nacional, as Armas Nacionais (tamb\u00e9m conhecido como Bras\u00e3o Nacional) e o Selo Nacional s\u00e3o s\u00edmbolos que representam o Brasil e sua identidade no mundo, conforme descrito na Constitui\u00e7\u00e3o Federal. Nesta quarta-feira, 18 de setembro celebra-se o Dia dos S\u00edmbolos Nacionais.<\/p>\n\n\n\n<p>A Lei 5.700, de 1\u00ba de setembro de 1971, define quais s\u00e3o os s\u00edmbolos nacionais e disp\u00f5e sobre a forma e a apresenta\u00e7\u00e3o de cada um. Esses itens s\u00e3o manifesta\u00e7\u00f5es gr\u00e1ficas que representam o Brasil, dentro e fora dele, levando a cultura brasileira e a refletindo sobre a hist\u00f3ria.<\/p>\n\n\n\n<p>Conhecer o Hino Nacional do Brasil e os outros s\u00edmbolos \u00e9 uma pr\u00e1tica relacionada ao civismo, que deve ser valorizada por todos.<\/p>\n\n\n\n<p>Confira um pouco da hist\u00f3ria de cada s\u00edmbolo:<\/p>\n\n\n\n<p><em><strong>Bandeira Nacional<\/strong><\/em><\/p>\n\n\n\n<p>Institu\u00edda em 1889, quatro dias ap\u00f3s a Proclama\u00e7\u00e3o da Rep\u00fablica, a Bandeira Nacional foi projetada pelos fil\u00f3sofos Miguel Lemos e Raimundo Teixeira Mendes, tamb\u00e9m matem\u00e1tico, pelo astr\u00f4nomo Manuel Pereira Reis e pelo pintor D\u00e9cio Vilares.<\/p>\n\n\n\n<p>As estrelas representam os 26 estados e o Distrito Federal. O lema \u201cOrdem e Progresso\u201d \u00e9 inspirado na filosofia positivista. E as cores tamb\u00e9m t\u00eam significados relacionados \u00e0 hist\u00f3ria pol\u00edtica e \u00e0 cultura portuguesa. O verde representa a Casa de Bragan\u00e7a, dinastia de D.Pedro I, primeiro imperador do Brasil. Atualmente, a cor verde representa as matas e florestas.<\/p>\n\n\n\n<p>O amarelo simboliza a Casa de Habsburgo, da Fam\u00edlia Real portuguesa. A cor simboliza o ouro e as riquezas minerais do pa\u00eds. O azul representa o c\u00e9u. E o branco, a paz.<\/p>\n\n\n\n<p>A Bandeira \u00e9 hasteada diariamente no Minist\u00e9rio da Defesa, bem como nos demais pr\u00e9dios p\u00fablicos e pal\u00e1cios.<\/p>\n\n\n\n<p><em><strong>Hino Nacional Brasileiro<\/strong><\/em><\/p>\n\n\n\n<p>O Hino foi composto pelo violoncelista Francisco Manuel da Silva e a letra, pelo poeta Joaquim Os\u00f3rio Duque Estrada. A oficializa\u00e7\u00e3o da letra e m\u00fasica aconteceu em 1970, pela Lei 5.700.<\/p>\n\n\n\n<p><em><strong>Armas Nacionais ou Bras\u00e3o Nacional<\/strong><\/em><\/p>\n\n\n\n<p>Encomendadas pelo primeiro presidente do Brasil, Marechal Deodoro da Fonseca, as armas ou bras\u00e3o nacional foram desenhadas pelo engenheiro Artur Zauer. As armas foram criadas na mesma data da Bandeira Nacional e representam gl\u00f3ria, honra e nobreza do Brasil.<\/p>\n\n\n\n<p>S\u00e3o formadas por um escudo redondo sobre uma estrela verde e amarela de cinco pontas. No centro, h\u00e1 a representa\u00e7\u00e3o do Cruzeiro do Sul com uma espada. Nas laterais, \u00e0 esquerda um ramo de caf\u00e9, e \u00e0 direita, um ramo de fumo. Ainda tem a data da proclama\u00e7\u00e3o da Rep\u00fablica \u201c15 de novembro\u201d, na extremidade \u00e0 direita, e \u201cde 1889\u201d, \u00e0 esquerda.<\/p>\n\n\n\n<p><em><strong>Selo Nacional<\/strong><\/em><\/p>\n\n\n\n<p>O Selo Nacional tamb\u00e9m foi criado em novembro de 1889. Ele \u00e9 usado para autenticar documentos oficiais, como atos de governo, diplomas e certificados expedidos por escolas oficiais ou reconhecidas. O Selo \u00e9 baseado na esfera da Bandeira Nacional, representado por um c\u00edrculo, com as palavras \u201cRep\u00fablica Federativa do Brasil\u201d.<\/p>\n\n\n\n<p><em>Com informa\u00e7\u00f5es dos sites gov.br e Supremo Tribunal Militar&nbsp;<\/em><\/p>\n","protected":false},"excerpt":{"rendered":"<p>Bandeira Nacional do Brasil, o Hino Nacional, as Armas Nacionais (tamb\u00e9m conhecido como Bras\u00e3o Nacional) e o Selo Nacional s\u00e3o s\u00edmbolos que representam o Brasil e sua identidade no mundo, conforme descrito na Constitui\u00e7\u00e3o Federal. Nesta quarta-feira, 18 de setembro celebra-se o Dia dos S\u00edmbolos Nacionais. A Lei 5.700, de 1\u00ba de setembro de 1971, [&hellip;]<\/p>\n","protected":false},"author":2,"featured_media":3090,"comment_status":"closed","ping_status":"closed","sticky":false,"template":"","format":"standard","meta":{"_monsterinsights_skip_tracking":false,"_monsterinsights_sitenote_active":false,"_monsterinsights_sitenote_note":"","_monsterinsights_sitenote_category":0,"footnotes":""},"categories":[37,50,1],"tags":[],"_links":{"self":[{"href":"https:\/\/nazarenonews.com.br\/index.php\/wp-json\/wp\/v2\/posts\/3089"}],"collection":[{"href":"https:\/\/nazarenonews.com.br\/index.php\/wp-json\/wp\/v2\/posts"}],"about":[{"href":"https:\/\/nazarenonews.com.br\/index.php\/wp-json\/wp\/v2\/types\/post"}],"author":[{"embeddable":true,"href":"https:\/\/nazarenonews.com.br\/index.php\/wp-json\/wp\/v2\/users\/2"}],"replies":[{"embeddable":true,"href":"https:\/\/nazarenonews.com.br\/index.php\/wp-json\/wp\/v2\/comments?post=3089"}],"version-history":[{"count":1,"href":"https:\/\/nazarenonews.com.br\/index.php\/wp-json\/wp\/v2\/posts\/3089\/revisions"}],"predecessor-version":[{"id":3091,"href":"https:\/\/nazarenonews.com.br\/index.php\/wp-json\/wp\/v2\/posts\/3089\/revisions\/3091"}],"wp:featuredmedia":[{"embeddable":true,"href":"https:\/\/nazarenonews.com.br\/index.php\/wp-json\/wp\/v2\/media\/3090"}],"wp:attachment":[{"href":"https:\/\/nazarenonews.com.br\/index.php\/wp-json\/wp\/v2\/media?parent=3089"}],"wp:term":[{"taxonomy":"category","embeddable":true,"href":"https:\/\/nazarenonews.com.br\/index.php\/wp-json\/wp\/v2\/categories?post=3089"},{"taxonomy":"post_tag","embeddable":true,"href":"https:\/\/nazarenonews.com.br\/index.php\/wp-json\/wp\/v2\/tags?post=3089"}],"curies":[{"name":"wp","href":"https:\/\/api.w.org\/{rel}","templated":true}]}}