{"id":3075,"date":"2024-09-18T07:35:35","date_gmt":"2024-09-18T11:35:35","guid":{"rendered":"https:\/\/nazarenonews.com.br\/?p=3075"},"modified":"2024-09-18T07:42:33","modified_gmt":"2024-09-18T11:42:33","slug":"governador-anuncia-concurso-publico-para-a-educacao-e-pagamento-de-1-3-de-ferias-para-temporarios","status":"publish","type":"post","link":"https:\/\/nazarenonews.com.br\/index.php\/2024\/09\/18\/governador-anuncia-concurso-publico-para-a-educacao-e-pagamento-de-1-3-de-ferias-para-temporarios\/","title":{"rendered":"Governador anuncia concurso p\u00fablico para a Educa\u00e7\u00e3o e pagamento de 1\/3 de f\u00e9rias para tempor\u00e1rios"},"content":{"rendered":"\n<p>O governador Mauro Mendes anunciou a publica\u00e7\u00e3o do edital do concurso p\u00fablico da Secretaria de Estado de Educa\u00e7\u00e3o (Seduc) e o pagamento de 1\/3 de f\u00e9rias para tempor\u00e1rios contratados pela educa\u00e7\u00e3o.<\/p>\n\n\n\n<p>O an\u00fancio foi feito durante reuni\u00e3o, na manh\u00e3 desta ter\u00e7a-feira (17.09), no Pal\u00e1cio Paiagu\u00e1s, em Cuiab\u00e1, com membros da Associa\u00e7\u00e3o Mato-grossense dos Servidores P\u00fablicos da Educa\u00e7\u00e3o (AMPE).<\/p>\n\n\n\n<p>Mauro Mendes destacou o empenho que o n\u00facleo da educa\u00e7\u00e3o tem desempenhado em Mato Grosso nos \u00faltimos anos e a import\u00e2ncia da realiza\u00e7\u00e3o do concurso p\u00fablico.<\/p>\n\n\n\n<p>\u201cEstamos finalizando o estudo t\u00e9cnico realizado nos \u00faltimos meses para conhecer as necessidades que temos hoje na \u00e1rea da educa\u00e7\u00e3o. \u00c9 um processo demorado, e requer bastante compromisso, mas que nos pr\u00f3ximos 45 dias ter\u00e1 como passo inicial a publica\u00e7\u00e3o do edital para darmos andamento no concurso p\u00fablico\u201d, declarou.<\/p>\n\n\n\n<p>O governador reconheceu a necessidade de solucionar a pend\u00eancia hist\u00f3rica do pagamento do 1\/3 de f\u00e9rias para professores tempor\u00e1rios, uma reivindica\u00e7\u00e3o antiga da categoria.<\/p>\n\n\n\n<p>\u201c\u00c9 um direito que eles conquistaram e que, infelizmente, n\u00e3o estava sendo garantido h\u00e1 mais de 40 anos, com a necessidade de in\u00fameras demandas judiciais. \u00c9 fundamental reconhecer o trabalho desses profissionais e garantir seus direitos\u201d, esclareceu o governador.<\/p>\n\n\n\n<p>O secret\u00e1rio de Estado de Educa\u00e7\u00e3o, Alan Porto, destacou que a conquista da AMPE \u00e9 resultado de um di\u00e1logo construtivo e de boas ideias em prol da educa\u00e7\u00e3o.<\/p>\n\n\n\n<p>\u201cO resultado positivo que estamos vendo \u00e9 fruto do trabalho conjunto, e demonstra o compromisso de todos em buscar o melhor para os nossos professores. Agrade\u00e7o a AMPE por sua participa\u00e7\u00e3o nesse processo e por reconhecer o esfor\u00e7o do governo em valorizar os profissionais da educa\u00e7\u00e3o\u201d, avaliou.<\/p>\n\n\n\n<p>O secret\u00e1rio de Planejamento e Gest\u00e3o, Bas\u00edlio Bezerra, reafirmou o compromisso da pasta em conduzir a solicita\u00e7\u00e3o feita pela associa\u00e7\u00e3o.<\/p>\n\n\n\n<p>\u201c\u00c9 um trabalho que envolve v\u00e1rios servidores e que, no fim das contas, representa o nosso compromisso social com cada um deles\u201d, disse.&nbsp;<\/p>\n\n\n\n<p>O presidente da AMPE, F\u00e1bio Bernardo, comemorou a conquista e ressaltou a aten\u00e7\u00e3o que o governador Mauro Mendes dedicou \u00e0 solicita\u00e7\u00e3o.&nbsp;<\/p>\n\n\n\n<p>\u201cN\u00e3o \u00e9 a primeira vez que buscamos o dialogo com o governador e conseguimos sentar para debater nossas demandas. \u00c9 algo que vai muito al\u00e9m de um cargo, \u00e9 a aten\u00e7\u00e3o de algu\u00e9m que se importa e solidariza com a causa do outro\u201d, finalizou.<\/p>\n\n\n\n<p>Folha do Estado <\/p>\n","protected":false},"excerpt":{"rendered":"<p>O governador Mauro Mendes anunciou a publica\u00e7\u00e3o do edital do concurso p\u00fablico da Secretaria de Estado de Educa\u00e7\u00e3o (Seduc) e o pagamento de 1\/3 de f\u00e9rias para tempor\u00e1rios contratados pela educa\u00e7\u00e3o. O an\u00fancio foi feito durante reuni\u00e3o, na manh\u00e3 desta ter\u00e7a-feira (17.09), no Pal\u00e1cio Paiagu\u00e1s, em Cuiab\u00e1, com membros da Associa\u00e7\u00e3o Mato-grossense dos Servidores P\u00fablicos [&hellip;]<\/p>\n","protected":false},"author":2,"featured_media":3081,"comment_status":"closed","ping_status":"closed","sticky":false,"template":"","format":"standard","meta":{"_monsterinsights_skip_tracking":false,"_monsterinsights_sitenote_active":false,"_monsterinsights_sitenote_note":"","_monsterinsights_sitenote_category":0,"footnotes":""},"categories":[1],"tags":[],"_links":{"self":[{"href":"https:\/\/nazarenonews.com.br\/index.php\/wp-json\/wp\/v2\/posts\/3075"}],"collection":[{"href":"https:\/\/nazarenonews.com.br\/index.php\/wp-json\/wp\/v2\/posts"}],"about":[{"href":"https:\/\/nazarenonews.com.br\/index.php\/wp-json\/wp\/v2\/types\/post"}],"author":[{"embeddable":true,"href":"https:\/\/nazarenonews.com.br\/index.php\/wp-json\/wp\/v2\/users\/2"}],"replies":[{"embeddable":true,"href":"https:\/\/nazarenonews.com.br\/index.php\/wp-json\/wp\/v2\/comments?post=3075"}],"version-history":[{"count":1,"href":"https:\/\/nazarenonews.com.br\/index.php\/wp-json\/wp\/v2\/posts\/3075\/revisions"}],"predecessor-version":[{"id":3077,"href":"https:\/\/nazarenonews.com.br\/index.php\/wp-json\/wp\/v2\/posts\/3075\/revisions\/3077"}],"wp:featuredmedia":[{"embeddable":true,"href":"https:\/\/nazarenonews.com.br\/index.php\/wp-json\/wp\/v2\/media\/3081"}],"wp:attachment":[{"href":"https:\/\/nazarenonews.com.br\/index.php\/wp-json\/wp\/v2\/media?parent=3075"}],"wp:term":[{"taxonomy":"category","embeddable":true,"href":"https:\/\/nazarenonews.com.br\/index.php\/wp-json\/wp\/v2\/categories?post=3075"},{"taxonomy":"post_tag","embeddable":true,"href":"https:\/\/nazarenonews.com.br\/index.php\/wp-json\/wp\/v2\/tags?post=3075"}],"curies":[{"name":"wp","href":"https:\/\/api.w.org\/{rel}","templated":true}]}}